{"id":1530,"date":"2022-05-21T09:26:05","date_gmt":"2022-05-21T08:26:05","guid":{"rendered":"http:\/\/radioluna.iesalbarregas.com\/?p=1530"},"modified":"2022-05-21T09:26:05","modified_gmt":"2022-05-21T08:26:05","slug":"el-ies-albarregas-un-laboratorio-para-la-ensenanza-bilingue","status":"publish","type":"post","link":"http:\/\/radioluna.iesalbarregas.com\/?p=1530","title":{"rendered":"EL IES ALBARREGAS, UN LABORATORIO PARA LA ENSE\u00d1ANZA BILING\u00dcE"},"content":{"rendered":"\n<p>Como investigadora de la Universidad de Extremadura, Cristina Manzano ha recopilado para su Trabajo de Fin de M\u00e1ster (TFM) el dominio sobre vocabulario acad\u00e9mico en ingl\u00e9s en nuestro centro. En concreto de estudiantes de Secundaria. Algunas de estas alumnas, de 2\u00baESO E, la entrevistan para poner sobre la mesa el funcionamiento de las asignaturas biling\u00fces y las oportunidades que ofrecen. Incluye encuestas con opiniones garantizadas para todos los gustos \ud83d\ude09 Click on the play button and enjoy!!<\/p>\n\n\n\n<figure class=\"wp-block-audio\"><audio controls src=\"http:\/\/radioluna.iesalbarregas.com\/wp-content\/uploads\/2022\/05\/Seccion-bilingue.mp3\"><\/audio><\/figure>\n\n\n\n<figure class=\"wp-block-image size-large\"><a href=\"http:\/\/radioluna.iesalbarregas.com\/wp-content\/uploads\/2022\/05\/1653050076119-scaled.jpg\"><img loading=\"lazy\" width=\"1024\" height=\"768\" src=\"http:\/\/radioluna.iesalbarregas.com\/wp-content\/uploads\/2022\/05\/1653050076119-1024x768.jpg\" alt=\"\" class=\"wp-image-1532\" srcset=\"http:\/\/radioluna.iesalbarregas.com\/wp-content\/uploads\/2022\/05\/1653050076119-1024x768.jpg 1024w, http:\/\/radioluna.iesalbarregas.com\/wp-content\/uploads\/2022\/05\/1653050076119-300x225.jpg 300w, http:\/\/radioluna.iesalbarregas.com\/wp-content\/uploads\/2022\/05\/1653050076119-768x576.jpg 768w, http:\/\/radioluna.iesalbarregas.com\/wp-content\/uploads\/2022\/05\/1653050076119-1536x1152.jpg 1536w, http:\/\/radioluna.iesalbarregas.com\/wp-content\/uploads\/2022\/05\/1653050076119-2048x1536.jpg 2048w, http:\/\/radioluna.iesalbarregas.com\/wp-content\/uploads\/2022\/05\/1653050076119-400x300.jpg 400w\" sizes=\"(max-width: 1024px) 100vw, 1024px\" \/><\/a><figcaption>De izda. a dcha: Cristina Manzano (Investigadora de la Universidad de Extremadura, Nora, Irene y Diana, alumnas de 2\u00ba ESO E<\/figcaption><\/figure>\n\n\n\n<figure class=\"wp-block-image size-large\"><a href=\"http:\/\/radioluna.iesalbarregas.com\/wp-content\/uploads\/2022\/05\/1653050076099-scaled.jpg\"><img loading=\"lazy\" width=\"1024\" height=\"768\" src=\"http:\/\/radioluna.iesalbarregas.com\/wp-content\/uploads\/2022\/05\/1653050076099-1024x768.jpg\" alt=\"\" class=\"wp-image-1533\" srcset=\"http:\/\/radioluna.iesalbarregas.com\/wp-content\/uploads\/2022\/05\/1653050076099-1024x768.jpg 1024w, http:\/\/radioluna.iesalbarregas.com\/wp-content\/uploads\/2022\/05\/1653050076099-300x225.jpg 300w, http:\/\/radioluna.iesalbarregas.com\/wp-content\/uploads\/2022\/05\/1653050076099-768x576.jpg 768w, http:\/\/radioluna.iesalbarregas.com\/wp-content\/uploads\/2022\/05\/1653050076099-1536x1152.jpg 1536w, http:\/\/radioluna.iesalbarregas.com\/wp-content\/uploads\/2022\/05\/1653050076099-2048x1536.jpg 2048w, http:\/\/radioluna.iesalbarregas.com\/wp-content\/uploads\/2022\/05\/1653050076099-400x300.jpg 400w\" sizes=\"(max-width: 1024px) 100vw, 1024px\" \/><\/a><\/figure>\n","protected":false},"excerpt":{"rendered":"<p>Como investigadora de la Universidad de Extremadura, Cristina Manzano ha recopilado para su Trabajo de Fin de M\u00e1ster (TFM) el dominio sobre vocabulario acad\u00e9mico en ingl\u00e9s en nuestro centro. En concreto de estudiantes de Secundaria. Algunas de estas alumnas, de &hellip; <a href=\"http:\/\/radioluna.iesalbarregas.com\/?p=1530\">Sigue leyendo <span class=\"meta-nav\">&rarr;<\/span><\/a><\/p>\n","protected":false},"author":2,"featured_media":0,"comment_status":"closed","ping_status":"closed","sticky":false,"template":"","format":"standard","meta":[],"categories":[9],"tags":[104],"_links":{"self":[{"href":"http:\/\/radioluna.iesalbarregas.com\/index.php?rest_route=\/wp\/v2\/posts\/1530"}],"collection":[{"href":"http:\/\/radioluna.iesalbarregas.com\/index.php?rest_route=\/wp\/v2\/posts"}],"about":[{"href":"http:\/\/radioluna.iesalbarregas.com\/index.php?rest_route=\/wp\/v2\/types\/post"}],"author":[{"embeddable":true,"href":"http:\/\/radioluna.iesalbarregas.com\/index.php?rest_route=\/wp\/v2\/users\/2"}],"replies":[{"embeddable":true,"href":"http:\/\/radioluna.iesalbarregas.com\/index.php?rest_route=%2Fwp%2Fv2%2Fcomments&post=1530"}],"version-history":[{"count":1,"href":"http:\/\/radioluna.iesalbarregas.com\/index.php?rest_route=\/wp\/v2\/posts\/1530\/revisions"}],"predecessor-version":[{"id":1534,"href":"http:\/\/radioluna.iesalbarregas.com\/index.php?rest_route=\/wp\/v2\/posts\/1530\/revisions\/1534"}],"wp:attachment":[{"href":"http:\/\/radioluna.iesalbarregas.com\/index.php?rest_route=%2Fwp%2Fv2%2Fmedia&parent=1530"}],"wp:term":[{"taxonomy":"category","embeddable":true,"href":"http:\/\/radioluna.iesalbarregas.com\/index.php?rest_route=%2Fwp%2Fv2%2Fcategories&post=1530"},{"taxonomy":"post_tag","embeddable":true,"href":"http:\/\/radioluna.iesalbarregas.com\/index.php?rest_route=%2Fwp%2Fv2%2Ftags&post=1530"}],"curies":[{"name":"wp","href":"https:\/\/api.w.org\/{rel}","templated":true}]}}