{"id":152,"date":"2015-01-12T19:19:05","date_gmt":"2015-01-12T18:19:05","guid":{"rendered":"http:\/\/radioluna.iesalbarregas.com\/?p=152"},"modified":"2020-04-05T12:27:18","modified_gmt":"2020-04-05T11:27:18","slug":"nuevas-caras-en-radioluna","status":"publish","type":"post","link":"http:\/\/radioluna.iesalbarregas.com\/?p=152","title":{"rendered":"\u00a1Nuevas caras en RadioLuna!"},"content":{"rendered":"<p style=\"text-align: justify;\">Empieza una nueva etapa con nuevos alumnos, debido a que los que estaban&#8230; han crecido y ya se marchan del centro. Pero la ilusi\u00f3n y las ganas de contar nuestro d\u00eda a d\u00eda siguen intactas.<br \/>\nEn este programa os traemos un resumen de lo que ha sido hasta ahora RADIOLUNA, terminando con un aperitivo muy atractivo: la coreograf\u00eda del vaso de una canci\u00f3n de Paula Rojo, que los alumnos de la ESO han realizado en el patio del instituto, en el interior, en la plaza de M\u00e9rida, en su calle comercial, etc&#8230;<\/p>\n","protected":false},"excerpt":{"rendered":"<p>Empieza una nueva etapa con nuevos alumnos, debido a que los que estaban&#8230; han crecido y ya se marchan del centro. Pero la ilusi\u00f3n y las ganas de contar nuestro d\u00eda a d\u00eda siguen intactas. En este programa os traemos &hellip; <a href=\"http:\/\/radioluna.iesalbarregas.com\/?p=152\">Sigue leyendo <span class=\"meta-nav\">&rarr;<\/span><\/a><\/p>\n","protected":false},"author":1,"featured_media":0,"comment_status":"open","ping_status":"open","sticky":false,"template":"","format":"standard","meta":[],"categories":[44],"tags":[],"_links":{"self":[{"href":"http:\/\/radioluna.iesalbarregas.com\/index.php?rest_route=\/wp\/v2\/posts\/152"}],"collection":[{"href":"http:\/\/radioluna.iesalbarregas.com\/index.php?rest_route=\/wp\/v2\/posts"}],"about":[{"href":"http:\/\/radioluna.iesalbarregas.com\/index.php?rest_route=\/wp\/v2\/types\/post"}],"author":[{"embeddable":true,"href":"http:\/\/radioluna.iesalbarregas.com\/index.php?rest_route=\/wp\/v2\/users\/1"}],"replies":[{"embeddable":true,"href":"http:\/\/radioluna.iesalbarregas.com\/index.php?rest_route=%2Fwp%2Fv2%2Fcomments&post=152"}],"version-history":[{"count":1,"href":"http:\/\/radioluna.iesalbarregas.com\/index.php?rest_route=\/wp\/v2\/posts\/152\/revisions"}],"predecessor-version":[{"id":153,"href":"http:\/\/radioluna.iesalbarregas.com\/index.php?rest_route=\/wp\/v2\/posts\/152\/revisions\/153"}],"wp:attachment":[{"href":"http:\/\/radioluna.iesalbarregas.com\/index.php?rest_route=%2Fwp%2Fv2%2Fmedia&parent=152"}],"wp:term":[{"taxonomy":"category","embeddable":true,"href":"http:\/\/radioluna.iesalbarregas.com\/index.php?rest_route=%2Fwp%2Fv2%2Fcategories&post=152"},{"taxonomy":"post_tag","embeddable":true,"href":"http:\/\/radioluna.iesalbarregas.com\/index.php?rest_route=%2Fwp%2Fv2%2Ftags&post=152"}],"curies":[{"name":"wp","href":"https:\/\/api.w.org\/{rel}","templated":true}]}}