{"id":1519,"date":"2022-05-21T09:18:50","date_gmt":"2022-05-21T08:18:50","guid":{"rendered":"http:\/\/radioluna.iesalbarregas.com\/?p=1519"},"modified":"2022-05-21T09:22:23","modified_gmt":"2022-05-21T08:22:23","slug":"mi-dieta-cojea-de-aitor-sanchez","status":"publish","type":"post","link":"http:\/\/radioluna.iesalbarregas.com\/?p=1519","title":{"rendered":"\u00abMI DIETA COJEA\u00bb DE AITOR S\u00c1NCHEZ"},"content":{"rendered":"\n<p>En este programa sobre mitos de la la dieta, algunos alumnos de 4\u00baA han pasado por el estudio de Radio Luna para comentar algunos de estos mitos despu\u00e9s de haber le\u00eddo el libro de <em>Aitor S\u00e1nchez Mi Dieta Cojea<\/em>. Esta actividad la han realizado con su profesora de Educaci\u00f3n F\u00edsica Luc\u00eda Mateos. Esperamos que os guste.<\/p>\n\n\n\n<figure class=\"wp-block-audio\"><audio controls src=\"http:\/\/radioluna.iesalbarregas.com\/wp-content\/uploads\/2022\/05\/Nutricion-4oA-Lucia.mp3\"><\/audio><\/figure>\n\n\n\n<figure class=\"wp-block-image size-large\"><a href=\"http:\/\/radioluna.iesalbarregas.com\/wp-content\/uploads\/2022\/05\/4\u00b0A-Nutricion-1-scaled.jpg\"><img loading=\"lazy\" width=\"1024\" height=\"768\" src=\"http:\/\/radioluna.iesalbarregas.com\/wp-content\/uploads\/2022\/05\/4\u00b0A-Nutricion-1-1024x768.jpg\" alt=\"\" class=\"wp-image-1525\" srcset=\"http:\/\/radioluna.iesalbarregas.com\/wp-content\/uploads\/2022\/05\/4\u00b0A-Nutricion-1-1024x768.jpg 1024w, http:\/\/radioluna.iesalbarregas.com\/wp-content\/uploads\/2022\/05\/4\u00b0A-Nutricion-1-300x225.jpg 300w, http:\/\/radioluna.iesalbarregas.com\/wp-content\/uploads\/2022\/05\/4\u00b0A-Nutricion-1-768x576.jpg 768w, http:\/\/radioluna.iesalbarregas.com\/wp-content\/uploads\/2022\/05\/4\u00b0A-Nutricion-1-1536x1152.jpg 1536w, http:\/\/radioluna.iesalbarregas.com\/wp-content\/uploads\/2022\/05\/4\u00b0A-Nutricion-1-2048x1536.jpg 2048w, http:\/\/radioluna.iesalbarregas.com\/wp-content\/uploads\/2022\/05\/4\u00b0A-Nutricion-1-400x300.jpg 400w\" sizes=\"(max-width: 1024px) 100vw, 1024px\" \/><\/a><figcaption>De izda. a dcha: Javi, Joel, Fernando y Claudia (de pie), Ra\u00fal, Samara y Sof\u00eda durante la grabaci\u00f3n del programa.<\/figcaption><\/figure>\n\n\n\n<figure class=\"wp-block-image size-large\"><a href=\"http:\/\/radioluna.iesalbarregas.com\/wp-content\/uploads\/2022\/05\/M_2_Adelgazar_Samuel_Garrido_Pacheco_4o_C-1.png\"><img loading=\"lazy\" width=\"410\" height=\"1024\" src=\"http:\/\/radioluna.iesalbarregas.com\/wp-content\/uploads\/2022\/05\/M_2_Adelgazar_Samuel_Garrido_Pacheco_4o_C-1-410x1024.png\" alt=\"\" class=\"wp-image-1527\" srcset=\"http:\/\/radioluna.iesalbarregas.com\/wp-content\/uploads\/2022\/05\/M_2_Adelgazar_Samuel_Garrido_Pacheco_4o_C-1-410x1024.png 410w, http:\/\/radioluna.iesalbarregas.com\/wp-content\/uploads\/2022\/05\/M_2_Adelgazar_Samuel_Garrido_Pacheco_4o_C-1-120x300.png 120w, http:\/\/radioluna.iesalbarregas.com\/wp-content\/uploads\/2022\/05\/M_2_Adelgazar_Samuel_Garrido_Pacheco_4o_C-1-768x1920.png 768w, http:\/\/radioluna.iesalbarregas.com\/wp-content\/uploads\/2022\/05\/M_2_Adelgazar_Samuel_Garrido_Pacheco_4o_C-1.png 800w\" sizes=\"(max-width: 410px) 100vw, 410px\" \/><\/a><\/figure>\n\n\n\n<p>Infograf\u00eda realizada por Samuel Garrido<\/p>\n\n\n\n<figure class=\"wp-block-image size-large\"><a href=\"http:\/\/radioluna.iesalbarregas.com\/wp-content\/uploads\/2022\/05\/M_8_comer_5_veces_dia_Laura_B_4_D-1.png\"><img loading=\"lazy\" width=\"1024\" height=\"570\" src=\"http:\/\/radioluna.iesalbarregas.com\/wp-content\/uploads\/2022\/05\/M_8_comer_5_veces_dia_Laura_B_4_D-1-1024x570.png\" alt=\"\" class=\"wp-image-1528\" srcset=\"http:\/\/radioluna.iesalbarregas.com\/wp-content\/uploads\/2022\/05\/M_8_comer_5_veces_dia_Laura_B_4_D-1-1024x570.png 1024w, http:\/\/radioluna.iesalbarregas.com\/wp-content\/uploads\/2022\/05\/M_8_comer_5_veces_dia_Laura_B_4_D-1-300x167.png 300w, http:\/\/radioluna.iesalbarregas.com\/wp-content\/uploads\/2022\/05\/M_8_comer_5_veces_dia_Laura_B_4_D-1-768x427.png 768w, http:\/\/radioluna.iesalbarregas.com\/wp-content\/uploads\/2022\/05\/M_8_comer_5_veces_dia_Laura_B_4_D-1-500x278.png 500w, http:\/\/radioluna.iesalbarregas.com\/wp-content\/uploads\/2022\/05\/M_8_comer_5_veces_dia_Laura_B_4_D-1.png 1082w\" sizes=\"(max-width: 1024px) 100vw, 1024px\" \/><\/a><figcaption>Inforgraf\u00eda realizada por Laura Bejarano y Claudia Cabezas<\/figcaption><\/figure>\n","protected":false},"excerpt":{"rendered":"<p>En este programa sobre mitos de la la dieta, algunos alumnos de 4\u00baA han pasado por el estudio de Radio Luna para comentar algunos de estos mitos despu\u00e9s de haber le\u00eddo el libro de Aitor S\u00e1nchez Mi Dieta Cojea. Esta &hellip; <a href=\"http:\/\/radioluna.iesalbarregas.com\/?p=1519\">Sigue leyendo <span class=\"meta-nav\">&rarr;<\/span><\/a><\/p>\n","protected":false},"author":2,"featured_media":0,"comment_status":"closed","ping_status":"closed","sticky":false,"template":"","format":"standard","meta":[],"categories":[9,1],"tags":[96],"_links":{"self":[{"href":"http:\/\/radioluna.iesalbarregas.com\/index.php?rest_route=\/wp\/v2\/posts\/1519"}],"collection":[{"href":"http:\/\/radioluna.iesalbarregas.com\/index.php?rest_route=\/wp\/v2\/posts"}],"about":[{"href":"http:\/\/radioluna.iesalbarregas.com\/index.php?rest_route=\/wp\/v2\/types\/post"}],"author":[{"embeddable":true,"href":"http:\/\/radioluna.iesalbarregas.com\/index.php?rest_route=\/wp\/v2\/users\/2"}],"replies":[{"embeddable":true,"href":"http:\/\/radioluna.iesalbarregas.com\/index.php?rest_route=%2Fwp%2Fv2%2Fcomments&post=1519"}],"version-history":[{"count":3,"href":"http:\/\/radioluna.iesalbarregas.com\/index.php?rest_route=\/wp\/v2\/posts\/1519\/revisions"}],"predecessor-version":[{"id":1529,"href":"http:\/\/radioluna.iesalbarregas.com\/index.php?rest_route=\/wp\/v2\/posts\/1519\/revisions\/1529"}],"wp:attachment":[{"href":"http:\/\/radioluna.iesalbarregas.com\/index.php?rest_route=%2Fwp%2Fv2%2Fmedia&parent=1519"}],"wp:term":[{"taxonomy":"category","embeddable":true,"href":"http:\/\/radioluna.iesalbarregas.com\/index.php?rest_route=%2Fwp%2Fv2%2Fcategories&post=1519"},{"taxonomy":"post_tag","embeddable":true,"href":"http:\/\/radioluna.iesalbarregas.com\/index.php?rest_route=%2Fwp%2Fv2%2Ftags&post=1519"}],"curies":[{"name":"wp","href":"https:\/\/api.w.org\/{rel}","templated":true}]}}