{"id":1509,"date":"2022-05-10T19:35:19","date_gmt":"2022-05-10T18:35:19","guid":{"rendered":"http:\/\/radioluna.iesalbarregas.com\/?p=1509"},"modified":"2022-05-10T19:35:19","modified_gmt":"2022-05-10T18:35:19","slug":"el-periodo-de-entreguerras-iv","status":"publish","type":"post","link":"http:\/\/radioluna.iesalbarregas.com\/?p=1509","title":{"rendered":"EL PERIODO DE ENTREGUERRAS (IV)"},"content":{"rendered":"\n<figure class=\"wp-block-audio\"><audio controls src=\"http:\/\/radioluna.iesalbarregas.com\/wp-content\/uploads\/2022\/05\/4oB-Noticiario.mp3\"><\/audio><\/figure>\n\n\n\n<p>Los alumnos de 4\u00ba ESO B, guiados por su profesor de Geograf\u00eda e Historia Francisco Parras, han grabado diversos programas de radio hablando de las diferentes circunstancias que rodeaban los famosos a\u00f1os de entreguerras (1919-1939) a trav\u00e9s de diversas perspectivas. En esta cuarta y \u00faltima entrega, nuestros periodistas Edward Yack, Samuel Mateos e Iv\u00e1n Pascua nos traen peque\u00f1as p\u00edldoras informativas desde diferentes lugares del mundo referentes al Crack del 29, El sufragio femenino o el ascenso al poder de Adolf Hitler.<\/p>\n\n\n\n<figure class=\"wp-block-image size-large\"><a href=\"http:\/\/radioluna.iesalbarregas.com\/wp-content\/uploads\/2022\/05\/Noticiario-scaled.jpg\"><img loading=\"lazy\" width=\"1024\" height=\"768\" src=\"http:\/\/radioluna.iesalbarregas.com\/wp-content\/uploads\/2022\/05\/Noticiario-1024x768.jpg\" alt=\"\" class=\"wp-image-1511\" srcset=\"http:\/\/radioluna.iesalbarregas.com\/wp-content\/uploads\/2022\/05\/Noticiario-1024x768.jpg 1024w, http:\/\/radioluna.iesalbarregas.com\/wp-content\/uploads\/2022\/05\/Noticiario-300x225.jpg 300w, http:\/\/radioluna.iesalbarregas.com\/wp-content\/uploads\/2022\/05\/Noticiario-768x576.jpg 768w, http:\/\/radioluna.iesalbarregas.com\/wp-content\/uploads\/2022\/05\/Noticiario-1536x1152.jpg 1536w, http:\/\/radioluna.iesalbarregas.com\/wp-content\/uploads\/2022\/05\/Noticiario-2048x1536.jpg 2048w, http:\/\/radioluna.iesalbarregas.com\/wp-content\/uploads\/2022\/05\/Noticiario-400x300.jpg 400w\" sizes=\"(max-width: 1024px) 100vw, 1024px\" \/><\/a><\/figure>\n","protected":false},"excerpt":{"rendered":"<p>Los alumnos de 4\u00ba ESO B, guiados por su profesor de Geograf\u00eda e Historia Francisco Parras, han grabado diversos programas de radio hablando de las diferentes circunstancias que rodeaban los famosos a\u00f1os de entreguerras (1919-1939) a trav\u00e9s de diversas perspectivas. &hellip; <a href=\"http:\/\/radioluna.iesalbarregas.com\/?p=1509\">Sigue leyendo <span class=\"meta-nav\">&rarr;<\/span><\/a><\/p>\n","protected":false},"author":2,"featured_media":0,"comment_status":"closed","ping_status":"closed","sticky":false,"template":"","format":"standard","meta":[],"categories":[9],"tags":[112],"_links":{"self":[{"href":"http:\/\/radioluna.iesalbarregas.com\/index.php?rest_route=\/wp\/v2\/posts\/1509"}],"collection":[{"href":"http:\/\/radioluna.iesalbarregas.com\/index.php?rest_route=\/wp\/v2\/posts"}],"about":[{"href":"http:\/\/radioluna.iesalbarregas.com\/index.php?rest_route=\/wp\/v2\/types\/post"}],"author":[{"embeddable":true,"href":"http:\/\/radioluna.iesalbarregas.com\/index.php?rest_route=\/wp\/v2\/users\/2"}],"replies":[{"embeddable":true,"href":"http:\/\/radioluna.iesalbarregas.com\/index.php?rest_route=%2Fwp%2Fv2%2Fcomments&post=1509"}],"version-history":[{"count":1,"href":"http:\/\/radioluna.iesalbarregas.com\/index.php?rest_route=\/wp\/v2\/posts\/1509\/revisions"}],"predecessor-version":[{"id":1512,"href":"http:\/\/radioluna.iesalbarregas.com\/index.php?rest_route=\/wp\/v2\/posts\/1509\/revisions\/1512"}],"wp:attachment":[{"href":"http:\/\/radioluna.iesalbarregas.com\/index.php?rest_route=%2Fwp%2Fv2%2Fmedia&parent=1509"}],"wp:term":[{"taxonomy":"category","embeddable":true,"href":"http:\/\/radioluna.iesalbarregas.com\/index.php?rest_route=%2Fwp%2Fv2%2Fcategories&post=1509"},{"taxonomy":"post_tag","embeddable":true,"href":"http:\/\/radioluna.iesalbarregas.com\/index.php?rest_route=%2Fwp%2Fv2%2Ftags&post=1509"}],"curies":[{"name":"wp","href":"https:\/\/api.w.org\/{rel}","templated":true}]}}