{"id":1505,"date":"2022-05-10T19:32:42","date_gmt":"2022-05-10T18:32:42","guid":{"rendered":"http:\/\/radioluna.iesalbarregas.com\/?p=1505"},"modified":"2022-05-10T19:32:42","modified_gmt":"2022-05-10T18:32:42","slug":"el-periodo-de-entreguerras-iii","status":"publish","type":"post","link":"http:\/\/radioluna.iesalbarregas.com\/?p=1505","title":{"rendered":"EL PERIODO DE ENTREGUERRAS (III)"},"content":{"rendered":"\n<figure class=\"wp-block-audio\"><audio controls src=\"http:\/\/radioluna.iesalbarregas.com\/wp-content\/uploads\/2022\/05\/4oB-Musica.mp3\"><\/audio><\/figure>\n\n\n\n<p>Los alumnos de 4\u00ba ESO B, guiados por su profesor de Geograf\u00eda e Historia Francisco Parras, han grabado diversos programas de radio hablando de las diferentes circunstancias que rodeaban los famosos a\u00f1os de entreguerras (1919-1939) a trav\u00e9s de diversas perspectivas. En esta tercera entrega, nuestros periodistas V\u00edctor Vivaracho y Daniel Quintana nos hablan de un deporte ingles que cada vez tiene m\u00e1s seguidores en estos a\u00f1os 20, el F\u00daTBOL. Nos relatar\u00e1n sus impresiones sobre el primer campeonato mundial celebrado en Uruguay en 1930. Por otro lado, nuestras \u201cmarchosas\u201d Aya Zarouki, Alexandra Cidoncha y Luc\u00eda G\u00f3mez nos hablar\u00e1n de la m\u00fasica que est\u00e1 triunfando en aquellos \u201clocos a\u00f1os\u201d, cuyo protagonista ser\u00e1 claramente el Jazz.<\/p>\n\n\n\n<figure class=\"wp-block-image size-large\"><a href=\"http:\/\/radioluna.iesalbarregas.com\/wp-content\/uploads\/2022\/05\/1652174900716-1-scaled.jpg\"><img loading=\"lazy\" width=\"1024\" height=\"768\" src=\"http:\/\/radioluna.iesalbarregas.com\/wp-content\/uploads\/2022\/05\/1652174900716-1-1024x768.jpg\" alt=\"\" class=\"wp-image-1507\" srcset=\"http:\/\/radioluna.iesalbarregas.com\/wp-content\/uploads\/2022\/05\/1652174900716-1-1024x768.jpg 1024w, http:\/\/radioluna.iesalbarregas.com\/wp-content\/uploads\/2022\/05\/1652174900716-1-300x225.jpg 300w, http:\/\/radioluna.iesalbarregas.com\/wp-content\/uploads\/2022\/05\/1652174900716-1-768x576.jpg 768w, http:\/\/radioluna.iesalbarregas.com\/wp-content\/uploads\/2022\/05\/1652174900716-1-1536x1152.jpg 1536w, http:\/\/radioluna.iesalbarregas.com\/wp-content\/uploads\/2022\/05\/1652174900716-1-2048x1536.jpg 2048w, http:\/\/radioluna.iesalbarregas.com\/wp-content\/uploads\/2022\/05\/1652174900716-1-400x300.jpg 400w\" sizes=\"(max-width: 1024px) 100vw, 1024px\" \/><\/a><\/figure>\n","protected":false},"excerpt":{"rendered":"<p>Los alumnos de 4\u00ba ESO B, guiados por su profesor de Geograf\u00eda e Historia Francisco Parras, han grabado diversos programas de radio hablando de las diferentes circunstancias que rodeaban los famosos a\u00f1os de entreguerras (1919-1939) a trav\u00e9s de diversas perspectivas. &hellip; <a href=\"http:\/\/radioluna.iesalbarregas.com\/?p=1505\">Sigue leyendo <span class=\"meta-nav\">&rarr;<\/span><\/a><\/p>\n","protected":false},"author":2,"featured_media":0,"comment_status":"closed","ping_status":"closed","sticky":false,"template":"","format":"standard","meta":[],"categories":[9],"tags":[112],"_links":{"self":[{"href":"http:\/\/radioluna.iesalbarregas.com\/index.php?rest_route=\/wp\/v2\/posts\/1505"}],"collection":[{"href":"http:\/\/radioluna.iesalbarregas.com\/index.php?rest_route=\/wp\/v2\/posts"}],"about":[{"href":"http:\/\/radioluna.iesalbarregas.com\/index.php?rest_route=\/wp\/v2\/types\/post"}],"author":[{"embeddable":true,"href":"http:\/\/radioluna.iesalbarregas.com\/index.php?rest_route=\/wp\/v2\/users\/2"}],"replies":[{"embeddable":true,"href":"http:\/\/radioluna.iesalbarregas.com\/index.php?rest_route=%2Fwp%2Fv2%2Fcomments&post=1505"}],"version-history":[{"count":1,"href":"http:\/\/radioluna.iesalbarregas.com\/index.php?rest_route=\/wp\/v2\/posts\/1505\/revisions"}],"predecessor-version":[{"id":1508,"href":"http:\/\/radioluna.iesalbarregas.com\/index.php?rest_route=\/wp\/v2\/posts\/1505\/revisions\/1508"}],"wp:attachment":[{"href":"http:\/\/radioluna.iesalbarregas.com\/index.php?rest_route=%2Fwp%2Fv2%2Fmedia&parent=1505"}],"wp:term":[{"taxonomy":"category","embeddable":true,"href":"http:\/\/radioluna.iesalbarregas.com\/index.php?rest_route=%2Fwp%2Fv2%2Fcategories&post=1505"},{"taxonomy":"post_tag","embeddable":true,"href":"http:\/\/radioluna.iesalbarregas.com\/index.php?rest_route=%2Fwp%2Fv2%2Ftags&post=1505"}],"curies":[{"name":"wp","href":"https:\/\/api.w.org\/{rel}","templated":true}]}}