{"id":1497,"date":"2022-05-10T19:26:23","date_gmt":"2022-05-10T18:26:23","guid":{"rendered":"http:\/\/radioluna.iesalbarregas.com\/?p=1497"},"modified":"2022-05-10T19:26:23","modified_gmt":"2022-05-10T18:26:23","slug":"el-periodo-de-entreguerras-i","status":"publish","type":"post","link":"http:\/\/radioluna.iesalbarregas.com\/?p=1497","title":{"rendered":"EL PERIODO DE ENTREGUERRAS (I)"},"content":{"rendered":"\n<figure class=\"wp-block-audio\"><audio controls src=\"http:\/\/radioluna.iesalbarregas.com\/wp-content\/uploads\/2022\/05\/4oB-Grupo-Candela-Franco-y-Hitler.mp3\"><\/audio><\/figure>\n\n\n\n<p>Los alumnos de 4\u00ba ESO B, guiados por su profesor de Geograf\u00eda e Historia Francisco Parras, han grabado diversos programas de radio hablando de las diferentes circunstancias que rodeaban los famosos a\u00f1os de entreguerras (1919-1939) a trav\u00e9s de diversas perspectivas. En esta primera entrega, nuestras intr\u00e9pidas reporteras Candela Farrona y Gisela Segura han conseguido realizar una doble entrevista a los dictadores Francisco Franco (\u00c1lvaro Ramos) y Adolf Hitler (Ra\u00fal Lozano) tras su encuentro de 1940 en Hendaya (Francia). Ambos dirigentes les cuentan sus impresiones y planes de futuro.<\/p>\n\n\n\n<figure class=\"wp-block-image size-large\"><a href=\"http:\/\/radioluna.iesalbarregas.com\/wp-content\/uploads\/2022\/05\/1652174900716-scaled.jpg\"><img loading=\"lazy\" width=\"1024\" height=\"768\" src=\"http:\/\/radioluna.iesalbarregas.com\/wp-content\/uploads\/2022\/05\/1652174900716-1024x768.jpg\" alt=\"\" class=\"wp-image-1499\" srcset=\"http:\/\/radioluna.iesalbarregas.com\/wp-content\/uploads\/2022\/05\/1652174900716-1024x768.jpg 1024w, http:\/\/radioluna.iesalbarregas.com\/wp-content\/uploads\/2022\/05\/1652174900716-300x225.jpg 300w, http:\/\/radioluna.iesalbarregas.com\/wp-content\/uploads\/2022\/05\/1652174900716-768x576.jpg 768w, http:\/\/radioluna.iesalbarregas.com\/wp-content\/uploads\/2022\/05\/1652174900716-1536x1152.jpg 1536w, http:\/\/radioluna.iesalbarregas.com\/wp-content\/uploads\/2022\/05\/1652174900716-2048x1536.jpg 2048w, http:\/\/radioluna.iesalbarregas.com\/wp-content\/uploads\/2022\/05\/1652174900716-400x300.jpg 400w\" sizes=\"(max-width: 1024px) 100vw, 1024px\" \/><\/a><\/figure>\n","protected":false},"excerpt":{"rendered":"<p>Los alumnos de 4\u00ba ESO B, guiados por su profesor de Geograf\u00eda e Historia Francisco Parras, han grabado diversos programas de radio hablando de las diferentes circunstancias que rodeaban los famosos a\u00f1os de entreguerras (1919-1939) a trav\u00e9s de diversas perspectivas. &hellip; <a href=\"http:\/\/radioluna.iesalbarregas.com\/?p=1497\">Sigue leyendo <span class=\"meta-nav\">&rarr;<\/span><\/a><\/p>\n","protected":false},"author":2,"featured_media":0,"comment_status":"closed","ping_status":"closed","sticky":false,"template":"","format":"standard","meta":[],"categories":[9],"tags":[112],"_links":{"self":[{"href":"http:\/\/radioluna.iesalbarregas.com\/index.php?rest_route=\/wp\/v2\/posts\/1497"}],"collection":[{"href":"http:\/\/radioluna.iesalbarregas.com\/index.php?rest_route=\/wp\/v2\/posts"}],"about":[{"href":"http:\/\/radioluna.iesalbarregas.com\/index.php?rest_route=\/wp\/v2\/types\/post"}],"author":[{"embeddable":true,"href":"http:\/\/radioluna.iesalbarregas.com\/index.php?rest_route=\/wp\/v2\/users\/2"}],"replies":[{"embeddable":true,"href":"http:\/\/radioluna.iesalbarregas.com\/index.php?rest_route=%2Fwp%2Fv2%2Fcomments&post=1497"}],"version-history":[{"count":1,"href":"http:\/\/radioluna.iesalbarregas.com\/index.php?rest_route=\/wp\/v2\/posts\/1497\/revisions"}],"predecessor-version":[{"id":1500,"href":"http:\/\/radioluna.iesalbarregas.com\/index.php?rest_route=\/wp\/v2\/posts\/1497\/revisions\/1500"}],"wp:attachment":[{"href":"http:\/\/radioluna.iesalbarregas.com\/index.php?rest_route=%2Fwp%2Fv2%2Fmedia&parent=1497"}],"wp:term":[{"taxonomy":"category","embeddable":true,"href":"http:\/\/radioluna.iesalbarregas.com\/index.php?rest_route=%2Fwp%2Fv2%2Fcategories&post=1497"},{"taxonomy":"post_tag","embeddable":true,"href":"http:\/\/radioluna.iesalbarregas.com\/index.php?rest_route=%2Fwp%2Fv2%2Ftags&post=1497"}],"curies":[{"name":"wp","href":"https:\/\/api.w.org\/{rel}","templated":true}]}}