{"id":1485,"date":"2022-04-21T09:33:30","date_gmt":"2022-04-21T08:33:30","guid":{"rendered":"http:\/\/radioluna.iesalbarregas.com\/?p=1485"},"modified":"2022-04-21T09:33:30","modified_gmt":"2022-04-21T08:33:30","slug":"adios-a-los-examenes-de-septiembre","status":"publish","type":"post","link":"http:\/\/radioluna.iesalbarregas.com\/?p=1485","title":{"rendered":"ADI\u00d3S A LOS EX\u00c1MENES DE SEPTIEMBRE"},"content":{"rendered":"\n<p>\u00a1Hola a tod@s! La nueva ley de Educaci\u00f3n ha modificado el calendario de ex\u00e1menes de septiembre de los primeros cursos de FP, traslad\u00e1ndolos a junio. \u00bfQu\u00e9 ventajas e inconvenientes tiene? \u00bfHa sido precipitada la decisi\u00f3n para este curso dadas las fechas en las que nos encontramos? Los alumn@s de AFI debaten sobre ello. \u00a1No te lo pierdas! #RadioAFI #IESAlbarregas #RadioLuna #RadioEdu #AFI #Comunicaci\u00f3n #ex\u00e1menes<\/p>\n\n\n\n<figure class=\"wp-block-embed is-type-video is-provider-youtube wp-block-embed-youtube wp-embed-aspect-16-9 wp-has-aspect-ratio\"><div class=\"wp-block-embed__wrapper\">\n<iframe loading=\"lazy\" title=\"RadioAFI &quot;Ex\u00e1menes extraordinarios en junio vs ex\u00e1menes extraordinarios en septiembre&quot;\" width=\"584\" height=\"329\" src=\"https:\/\/www.youtube.com\/embed\/4c7DzIGrg1U?feature=oembed\" frameborder=\"0\" allow=\"accelerometer; autoplay; clipboard-write; encrypted-media; gyroscope; picture-in-picture\" allowfullscreen><\/iframe>\n<\/div><\/figure>\n\n\n\n<figure class=\"wp-block-gallery has-nested-images columns-default is-cropped\">\n<figure class=\"wp-block-image size-large\"><a href=\"http:\/\/radioluna.iesalbarregas.com\/wp-content\/uploads\/2022\/04\/20220401_205955-scaled.jpg\"><img loading=\"lazy\" width=\"1024\" height=\"576\" data-id=\"1486\"  src=\"http:\/\/radioluna.iesalbarregas.com\/wp-content\/uploads\/2022\/04\/20220401_205955-1024x576.jpg\" alt=\"\" class=\"wp-image-1486\" srcset=\"http:\/\/radioluna.iesalbarregas.com\/wp-content\/uploads\/2022\/04\/20220401_205955-1024x576.jpg 1024w, http:\/\/radioluna.iesalbarregas.com\/wp-content\/uploads\/2022\/04\/20220401_205955-300x169.jpg 300w, http:\/\/radioluna.iesalbarregas.com\/wp-content\/uploads\/2022\/04\/20220401_205955-768x432.jpg 768w, http:\/\/radioluna.iesalbarregas.com\/wp-content\/uploads\/2022\/04\/20220401_205955-1536x864.jpg 1536w, http:\/\/radioluna.iesalbarregas.com\/wp-content\/uploads\/2022\/04\/20220401_205955-2048x1152.jpg 2048w, http:\/\/radioluna.iesalbarregas.com\/wp-content\/uploads\/2022\/04\/20220401_205955-500x281.jpg 500w\" sizes=\"(max-width: 1024px) 100vw, 1024px\" \/><\/a><\/figure>\n\n\n\n<figure class=\"wp-block-image size-large\"><a href=\"http:\/\/radioluna.iesalbarregas.com\/wp-content\/uploads\/2022\/04\/20220401_210020-scaled.jpg\"><img loading=\"lazy\" width=\"1024\" height=\"576\" data-id=\"1487\"  src=\"http:\/\/radioluna.iesalbarregas.com\/wp-content\/uploads\/2022\/04\/20220401_210020-1024x576.jpg\" alt=\"\" class=\"wp-image-1487\" srcset=\"http:\/\/radioluna.iesalbarregas.com\/wp-content\/uploads\/2022\/04\/20220401_210020-1024x576.jpg 1024w, http:\/\/radioluna.iesalbarregas.com\/wp-content\/uploads\/2022\/04\/20220401_210020-300x169.jpg 300w, http:\/\/radioluna.iesalbarregas.com\/wp-content\/uploads\/2022\/04\/20220401_210020-768x432.jpg 768w, http:\/\/radioluna.iesalbarregas.com\/wp-content\/uploads\/2022\/04\/20220401_210020-1536x864.jpg 1536w, http:\/\/radioluna.iesalbarregas.com\/wp-content\/uploads\/2022\/04\/20220401_210020-2048x1152.jpg 2048w, http:\/\/radioluna.iesalbarregas.com\/wp-content\/uploads\/2022\/04\/20220401_210020-500x281.jpg 500w\" sizes=\"(max-width: 1024px) 100vw, 1024px\" \/><\/a><\/figure>\n<\/figure>\n","protected":false},"excerpt":{"rendered":"<p>\u00a1Hola a tod@s! La nueva ley de Educaci\u00f3n ha modificado el calendario de ex\u00e1menes de septiembre de los primeros cursos de FP, traslad\u00e1ndolos a junio. \u00bfQu\u00e9 ventajas e inconvenientes tiene? \u00bfHa sido precipitada la decisi\u00f3n para este curso dadas las &hellip; <a href=\"http:\/\/radioluna.iesalbarregas.com\/?p=1485\">Sigue leyendo <span class=\"meta-nav\">&rarr;<\/span><\/a><\/p>\n","protected":false},"author":2,"featured_media":0,"comment_status":"closed","ping_status":"closed","sticky":false,"template":"","format":"standard","meta":[],"categories":[9,44],"tags":[107],"_links":{"self":[{"href":"http:\/\/radioluna.iesalbarregas.com\/index.php?rest_route=\/wp\/v2\/posts\/1485"}],"collection":[{"href":"http:\/\/radioluna.iesalbarregas.com\/index.php?rest_route=\/wp\/v2\/posts"}],"about":[{"href":"http:\/\/radioluna.iesalbarregas.com\/index.php?rest_route=\/wp\/v2\/types\/post"}],"author":[{"embeddable":true,"href":"http:\/\/radioluna.iesalbarregas.com\/index.php?rest_route=\/wp\/v2\/users\/2"}],"replies":[{"embeddable":true,"href":"http:\/\/radioluna.iesalbarregas.com\/index.php?rest_route=%2Fwp%2Fv2%2Fcomments&post=1485"}],"version-history":[{"count":1,"href":"http:\/\/radioluna.iesalbarregas.com\/index.php?rest_route=\/wp\/v2\/posts\/1485\/revisions"}],"predecessor-version":[{"id":1488,"href":"http:\/\/radioluna.iesalbarregas.com\/index.php?rest_route=\/wp\/v2\/posts\/1485\/revisions\/1488"}],"wp:attachment":[{"href":"http:\/\/radioluna.iesalbarregas.com\/index.php?rest_route=%2Fwp%2Fv2%2Fmedia&parent=1485"}],"wp:term":[{"taxonomy":"category","embeddable":true,"href":"http:\/\/radioluna.iesalbarregas.com\/index.php?rest_route=%2Fwp%2Fv2%2Fcategories&post=1485"},{"taxonomy":"post_tag","embeddable":true,"href":"http:\/\/radioluna.iesalbarregas.com\/index.php?rest_route=%2Fwp%2Fv2%2Ftags&post=1485"}],"curies":[{"name":"wp","href":"https:\/\/api.w.org\/{rel}","templated":true}]}}