{"id":1448,"date":"2022-03-08T21:20:35","date_gmt":"2022-03-08T20:20:35","guid":{"rendered":"http:\/\/radioluna.iesalbarregas.com\/?p=1448"},"modified":"2022-03-08T21:27:18","modified_gmt":"2022-03-08T20:27:18","slug":"8m-no-vamos-a-arder","status":"publish","type":"post","link":"http:\/\/radioluna.iesalbarregas.com\/?p=1448","title":{"rendered":"8M: NO VAMOS A ARDER."},"content":{"rendered":"\n<figure class=\"wp-block-audio\"><audio controls src=\"http:\/\/radioluna.iesalbarregas.com\/wp-content\/uploads\/2022\/03\/Descalzas-final2.mp3\"><\/audio><\/figure>\n\n\n\n<p>Radio Luna se ha sumado a la iniciativa de Radio Edu de hacer un programa colaborativo intercentros en directo con motivo del D\u00eda Internacional de la Mujer. El centro anfitri\u00f3n ha sido el IES Em\u00e9rita Augusta de M\u00e9rida que ha ido conectando en directo con diferentes centros educativos de la regi\u00f3n en lo que ha sido una jornada hist\u00f3rica en la radio educativa extreme\u00f1a. Hemos tenido el placer de recibir la visita de Paloma Pascua, vocalista del grupo extreme\u00f1o <em>Descalzas<\/em>, que adem\u00e1s de interpretar algunos temas en directo ha respondido a las preguntas de Candela Farrona y Gisela Segura de 4\u00baA. Desde Radio Luna queremos dar las gracias a Paloma Pascua por visitarnos y a todas las personas que han hecho posible este d\u00eda de radio educativa en directo.<\/p>\n\n\n\n<figure class=\"wp-block-embed is-type-video is-provider-youtube wp-block-embed-youtube wp-embed-aspect-16-9 wp-has-aspect-ratio\"><div class=\"wp-block-embed__wrapper\">\n<iframe loading=\"lazy\" title=\"D\u00eda Fat\u00eddico - Descalzas\" width=\"584\" height=\"329\" src=\"https:\/\/www.youtube.com\/embed\/j9HLUKJ1ohA?feature=oembed\" frameborder=\"0\" allow=\"accelerometer; autoplay; clipboard-write; encrypted-media; gyroscope; picture-in-picture\" allowfullscreen><\/iframe>\n<\/div><figcaption>Videoclip <em>D\u00eda Fat\u00eddico<\/em>, de <em>Descalzas<\/em><\/figcaption><\/figure>\n\n\n\n<figure class=\"wp-block-gallery has-nested-images columns-default is-cropped\">\n<figure class=\"wp-block-image size-large\"><a href=\"http:\/\/radioluna.iesalbarregas.com\/wp-content\/uploads\/2022\/03\/1646767899254-scaled.jpg\"><img loading=\"lazy\" width=\"1024\" height=\"768\" data-id=\"1455\"  src=\"http:\/\/radioluna.iesalbarregas.com\/wp-content\/uploads\/2022\/03\/1646767899254-1024x768.jpg\" alt=\"\" class=\"wp-image-1455\" srcset=\"http:\/\/radioluna.iesalbarregas.com\/wp-content\/uploads\/2022\/03\/1646767899254-1024x768.jpg 1024w, http:\/\/radioluna.iesalbarregas.com\/wp-content\/uploads\/2022\/03\/1646767899254-300x225.jpg 300w, http:\/\/radioluna.iesalbarregas.com\/wp-content\/uploads\/2022\/03\/1646767899254-768x576.jpg 768w, http:\/\/radioluna.iesalbarregas.com\/wp-content\/uploads\/2022\/03\/1646767899254-1536x1152.jpg 1536w, http:\/\/radioluna.iesalbarregas.com\/wp-content\/uploads\/2022\/03\/1646767899254-2048x1536.jpg 2048w, http:\/\/radioluna.iesalbarregas.com\/wp-content\/uploads\/2022\/03\/1646767899254-400x300.jpg 400w\" sizes=\"(max-width: 1024px) 100vw, 1024px\" \/><\/a><\/figure>\n\n\n\n<figure class=\"wp-block-image size-large\"><a href=\"http:\/\/radioluna.iesalbarregas.com\/wp-content\/uploads\/2022\/03\/1646767899262-2-scaled.jpg\"><img loading=\"lazy\" width=\"768\" height=\"1024\" data-id=\"1456\"  src=\"http:\/\/radioluna.iesalbarregas.com\/wp-content\/uploads\/2022\/03\/1646767899262-2-768x1024.jpg\" alt=\"\" class=\"wp-image-1456\" srcset=\"http:\/\/radioluna.iesalbarregas.com\/wp-content\/uploads\/2022\/03\/1646767899262-2-768x1024.jpg 768w, http:\/\/radioluna.iesalbarregas.com\/wp-content\/uploads\/2022\/03\/1646767899262-2-225x300.jpg 225w, http:\/\/radioluna.iesalbarregas.com\/wp-content\/uploads\/2022\/03\/1646767899262-2-1152x1536.jpg 1152w, http:\/\/radioluna.iesalbarregas.com\/wp-content\/uploads\/2022\/03\/1646767899262-2-1536x2048.jpg 1536w, http:\/\/radioluna.iesalbarregas.com\/wp-content\/uploads\/2022\/03\/1646767899262-2-scaled.jpg 1920w\" sizes=\"(max-width: 768px) 100vw, 768px\" \/><\/a><\/figure>\n<figcaption class=\"blocks-gallery-caption\">Antes de pasar por el estudio de Radio Luna, Paloma ha estado en el Aula de M\u00fasica respondiendo a preguntas y tocando una canci\u00f3n en directo.<\/figcaption><\/figure>\n","protected":false},"excerpt":{"rendered":"<p>Radio Luna se ha sumado a la iniciativa de Radio Edu de hacer un programa colaborativo intercentros en directo con motivo del D\u00eda Internacional de la Mujer. El centro anfitri\u00f3n ha sido el IES Em\u00e9rita Augusta de M\u00e9rida que ha &hellip; <a href=\"http:\/\/radioluna.iesalbarregas.com\/?p=1448\">Sigue leyendo <span class=\"meta-nav\">&rarr;<\/span><\/a><\/p>\n","protected":false},"author":2,"featured_media":0,"comment_status":"closed","ping_status":"closed","sticky":false,"template":"","format":"standard","meta":[],"categories":[1],"tags":[31],"_links":{"self":[{"href":"http:\/\/radioluna.iesalbarregas.com\/index.php?rest_route=\/wp\/v2\/posts\/1448"}],"collection":[{"href":"http:\/\/radioluna.iesalbarregas.com\/index.php?rest_route=\/wp\/v2\/posts"}],"about":[{"href":"http:\/\/radioluna.iesalbarregas.com\/index.php?rest_route=\/wp\/v2\/types\/post"}],"author":[{"embeddable":true,"href":"http:\/\/radioluna.iesalbarregas.com\/index.php?rest_route=\/wp\/v2\/users\/2"}],"replies":[{"embeddable":true,"href":"http:\/\/radioluna.iesalbarregas.com\/index.php?rest_route=%2Fwp%2Fv2%2Fcomments&post=1448"}],"version-history":[{"count":4,"href":"http:\/\/radioluna.iesalbarregas.com\/index.php?rest_route=\/wp\/v2\/posts\/1448\/revisions"}],"predecessor-version":[{"id":1457,"href":"http:\/\/radioluna.iesalbarregas.com\/index.php?rest_route=\/wp\/v2\/posts\/1448\/revisions\/1457"}],"wp:attachment":[{"href":"http:\/\/radioluna.iesalbarregas.com\/index.php?rest_route=%2Fwp%2Fv2%2Fmedia&parent=1448"}],"wp:term":[{"taxonomy":"category","embeddable":true,"href":"http:\/\/radioluna.iesalbarregas.com\/index.php?rest_route=%2Fwp%2Fv2%2Fcategories&post=1448"},{"taxonomy":"post_tag","embeddable":true,"href":"http:\/\/radioluna.iesalbarregas.com\/index.php?rest_route=%2Fwp%2Fv2%2Ftags&post=1448"}],"curies":[{"name":"wp","href":"https:\/\/api.w.org\/{rel}","templated":true}]}}