{"id":1443,"date":"2022-03-07T23:05:13","date_gmt":"2022-03-07T22:05:13","guid":{"rendered":"http:\/\/radioluna.iesalbarregas.com\/?p=1443"},"modified":"2022-03-07T23:05:51","modified_gmt":"2022-03-07T22:05:51","slug":"1443","status":"publish","type":"post","link":"http:\/\/radioluna.iesalbarregas.com\/?p=1443","title":{"rendered":"\u00abJODER, TE QUIERO\u00bb DE CRISTINA POLO"},"content":{"rendered":"\n<p><\/p>\n\n\n\n<p>La alumna Cristina Polo de AFI1 ha publicado un libro de poemas titulado \u201cJoder,&nbsp;te quiero\u201d y sus compa\u00f1eros y compa\u00f1eras la han acompa\u00f1ado en su presentaci\u00f3n en el aula de emprendimiento del centro.&nbsp;En el libro encontraremos poemas de amor,&nbsp;desamor,&nbsp;iron\u00eda,\u2026 Cu\u00e1nto tiempo tard\u00f3 en escribirlo,&nbsp;d\u00f3nde podemos comprarlo o si sigue escribiendo ser\u00e1n algunas de las preguntas que nos responde la protagonista.&nbsp;\u00a1Adem\u00e1s de escuchar sus poemas!<\/p>\n\n\n\n<p>\u00a1No os lo perd\u00e1is! \u00a1Esperan vuestros comentarios!<\/p>\n\n\n\n<p>M\u00f3dulo:&nbsp;Comunicaci\u00f3n y Atenci\u00f3n al Cliente.<\/p>\n\n\n\n<p>Profesora:&nbsp;Ana Bel\u00e9n Hurtado<\/p>\n\n\n\n<p>Ciclo Formativo Grado Superior en Administraci\u00f3n y Finanzas<\/p>\n\n\n\n<figure class=\"wp-block-embed is-type-video is-provider-youtube wp-block-embed-youtube wp-embed-aspect-16-9 wp-has-aspect-ratio\"><div class=\"wp-block-embed__wrapper\">\n<iframe loading=\"lazy\" title=\"Presentaci\u00f3n &quot;Joder, te quiero&quot; de Cristina Polo por AFI1 #IESAlbarregas #M\u00e9rida\" width=\"584\" height=\"329\" src=\"https:\/\/www.youtube.com\/embed\/z3W_DbHFN3s?feature=oembed\" frameborder=\"0\" allow=\"accelerometer; autoplay; clipboard-write; encrypted-media; gyroscope; picture-in-picture\" allowfullscreen><\/iframe>\n<\/div><\/figure>\n\n\n\n<figure class=\"wp-block-gallery has-nested-images columns-default is-cropped\">\n<figure class=\"wp-block-image size-large\"><a href=\"http:\/\/radioluna.iesalbarregas.com\/wp-content\/uploads\/2022\/03\/te-quiero2.jpg\"><img loading=\"lazy\" width=\"731\" height=\"1024\" data-id=\"1445\"  src=\"http:\/\/radioluna.iesalbarregas.com\/wp-content\/uploads\/2022\/03\/te-quiero2-731x1024.jpg\" alt=\"\" class=\"wp-image-1445\" srcset=\"http:\/\/radioluna.iesalbarregas.com\/wp-content\/uploads\/2022\/03\/te-quiero2-731x1024.jpg 731w, http:\/\/radioluna.iesalbarregas.com\/wp-content\/uploads\/2022\/03\/te-quiero2-214x300.jpg 214w, http:\/\/radioluna.iesalbarregas.com\/wp-content\/uploads\/2022\/03\/te-quiero2-768x1075.jpg 768w, http:\/\/radioluna.iesalbarregas.com\/wp-content\/uploads\/2022\/03\/te-quiero2.jpg 1000w\" sizes=\"(max-width: 731px) 100vw, 731px\" \/><\/a><\/figure>\n\n\n\n<figure class=\"wp-block-image size-large\"><a href=\"http:\/\/radioluna.iesalbarregas.com\/wp-content\/uploads\/2022\/03\/te-quiero1.jpg\"><img loading=\"lazy\" width=\"180\" height=\"281\" data-id=\"1444\"  src=\"http:\/\/radioluna.iesalbarregas.com\/wp-content\/uploads\/2022\/03\/te-quiero1.jpg\" alt=\"\" class=\"wp-image-1444\"\/><\/a><\/figure>\n<\/figure>\n","protected":false},"excerpt":{"rendered":"<p>La alumna Cristina Polo de AFI1 ha publicado un libro de poemas titulado \u201cJoder,&nbsp;te quiero\u201d y sus compa\u00f1eros y compa\u00f1eras la han acompa\u00f1ado en su presentaci\u00f3n en el aula de emprendimiento del centro.&nbsp;En el libro encontraremos poemas de amor,&nbsp;desamor,&nbsp;iron\u00eda,\u2026 Cu\u00e1nto &hellip; <a href=\"http:\/\/radioluna.iesalbarregas.com\/?p=1443\">Sigue leyendo <span class=\"meta-nav\">&rarr;<\/span><\/a><\/p>\n","protected":false},"author":2,"featured_media":0,"comment_status":"closed","ping_status":"closed","sticky":false,"template":"","format":"standard","meta":[],"categories":[1],"tags":[107],"_links":{"self":[{"href":"http:\/\/radioluna.iesalbarregas.com\/index.php?rest_route=\/wp\/v2\/posts\/1443"}],"collection":[{"href":"http:\/\/radioluna.iesalbarregas.com\/index.php?rest_route=\/wp\/v2\/posts"}],"about":[{"href":"http:\/\/radioluna.iesalbarregas.com\/index.php?rest_route=\/wp\/v2\/types\/post"}],"author":[{"embeddable":true,"href":"http:\/\/radioluna.iesalbarregas.com\/index.php?rest_route=\/wp\/v2\/users\/2"}],"replies":[{"embeddable":true,"href":"http:\/\/radioluna.iesalbarregas.com\/index.php?rest_route=%2Fwp%2Fv2%2Fcomments&post=1443"}],"version-history":[{"count":2,"href":"http:\/\/radioluna.iesalbarregas.com\/index.php?rest_route=\/wp\/v2\/posts\/1443\/revisions"}],"predecessor-version":[{"id":1447,"href":"http:\/\/radioluna.iesalbarregas.com\/index.php?rest_route=\/wp\/v2\/posts\/1443\/revisions\/1447"}],"wp:attachment":[{"href":"http:\/\/radioluna.iesalbarregas.com\/index.php?rest_route=%2Fwp%2Fv2%2Fmedia&parent=1443"}],"wp:term":[{"taxonomy":"category","embeddable":true,"href":"http:\/\/radioluna.iesalbarregas.com\/index.php?rest_route=%2Fwp%2Fv2%2Fcategories&post=1443"},{"taxonomy":"post_tag","embeddable":true,"href":"http:\/\/radioluna.iesalbarregas.com\/index.php?rest_route=%2Fwp%2Fv2%2Ftags&post=1443"}],"curies":[{"name":"wp","href":"https:\/\/api.w.org\/{rel}","templated":true}]}}