{"id":1436,"date":"2022-03-07T22:58:19","date_gmt":"2022-03-07T21:58:19","guid":{"rendered":"http:\/\/radioluna.iesalbarregas.com\/?p=1436"},"modified":"2022-03-07T22:59:11","modified_gmt":"2022-03-07T21:59:11","slug":"viaje-a-rumania","status":"publish","type":"post","link":"http:\/\/radioluna.iesalbarregas.com\/?p=1436","title":{"rendered":"VIAJE A RUMANIA"},"content":{"rendered":"\n<p><\/p>\n\n\n\n<figure class=\"wp-block-audio\"><audio controls src=\"http:\/\/radioluna.iesalbarregas.com\/wp-content\/uploads\/2022\/03\/Audio-Santi-Campo-online-audio-converter.com_-1.mp3\"><\/audio><\/figure>\n\n\n\n<p>El viaje a Ruman\u00eda forma parte del proyecto europeo Erasmus+&nbsp;<em>Omnes Viae, All the roads, Todos los caminos<\/em>&nbsp;del cual nuestro Centro es coordinador. Dicho proyecto supone trabajar en com\u00fan con alumnos de Portugal, Ruman\u00eda y Grecia. Su fundamento es conocer en profundidad las calzadas romanas como las grandes v\u00edas de comunicaci\u00f3n que fueron y una de las bases de la Europa en que vivimos. Esperamos grandes resultados de esta labor y la hermandad del alumnado participante. Adem\u00e1s de este trabajo, el proyecto incluye el intercambio de alumnos entre los cuatro pa\u00edses para realizar una ceremonia de adopci\u00f3n de un tramo de calzada romana del pa\u00eds, que en Ruman\u00eda tuvo lugar en Constanza, al borde del Mar Negro. Aqu\u00ed pod\u00e9is escuchar la entrevista que nos hicieron para RNE.<\/p>\n\n\n\n<figure class=\"wp-block-image size-large\"><a href=\"http:\/\/radioluna.iesalbarregas.com\/wp-content\/uploads\/2022\/03\/1646689449237.jpg\"><img loading=\"lazy\" width=\"1024\" height=\"768\" src=\"http:\/\/radioluna.iesalbarregas.com\/wp-content\/uploads\/2022\/03\/1646689449237-1024x768.jpg\" alt=\"\" class=\"wp-image-1439\" srcset=\"http:\/\/radioluna.iesalbarregas.com\/wp-content\/uploads\/2022\/03\/1646689449237-1024x768.jpg 1024w, http:\/\/radioluna.iesalbarregas.com\/wp-content\/uploads\/2022\/03\/1646689449237-300x225.jpg 300w, http:\/\/radioluna.iesalbarregas.com\/wp-content\/uploads\/2022\/03\/1646689449237-768x576.jpg 768w, http:\/\/radioluna.iesalbarregas.com\/wp-content\/uploads\/2022\/03\/1646689449237-1536x1152.jpg 1536w, http:\/\/radioluna.iesalbarregas.com\/wp-content\/uploads\/2022\/03\/1646689449237-400x300.jpg 400w, http:\/\/radioluna.iesalbarregas.com\/wp-content\/uploads\/2022\/03\/1646689449237.jpg 2048w\" sizes=\"(max-width: 1024px) 100vw, 1024px\" \/><\/a><figcaption>A orillas del Mar Negro<\/figcaption><\/figure>\n\n\n\n<figure class=\"wp-block-image size-large\"><a href=\"http:\/\/radioluna.iesalbarregas.com\/wp-content\/uploads\/2022\/03\/1646689449241.jpg\"><img loading=\"lazy\" width=\"1024\" height=\"768\" src=\"http:\/\/radioluna.iesalbarregas.com\/wp-content\/uploads\/2022\/03\/1646689449241-1024x768.jpg\" alt=\"\" class=\"wp-image-1440\" srcset=\"http:\/\/radioluna.iesalbarregas.com\/wp-content\/uploads\/2022\/03\/1646689449241-1024x768.jpg 1024w, http:\/\/radioluna.iesalbarregas.com\/wp-content\/uploads\/2022\/03\/1646689449241-300x225.jpg 300w, http:\/\/radioluna.iesalbarregas.com\/wp-content\/uploads\/2022\/03\/1646689449241-768x576.jpg 768w, http:\/\/radioluna.iesalbarregas.com\/wp-content\/uploads\/2022\/03\/1646689449241-1536x1152.jpg 1536w, http:\/\/radioluna.iesalbarregas.com\/wp-content\/uploads\/2022\/03\/1646689449241-400x300.jpg 400w, http:\/\/radioluna.iesalbarregas.com\/wp-content\/uploads\/2022\/03\/1646689449241.jpg 2048w\" sizes=\"(max-width: 1024px) 100vw, 1024px\" \/><\/a><\/figure>\n","protected":false},"excerpt":{"rendered":"<p>El viaje a Ruman\u00eda forma parte del proyecto europeo Erasmus+&nbsp;Omnes Viae, All the roads, Todos los caminos&nbsp;del cual nuestro Centro es coordinador. Dicho proyecto supone trabajar en com\u00fan con alumnos de Portugal, Ruman\u00eda y Grecia. Su fundamento es conocer en &hellip; <a href=\"http:\/\/radioluna.iesalbarregas.com\/?p=1436\">Sigue leyendo <span class=\"meta-nav\">&rarr;<\/span><\/a><\/p>\n","protected":false},"author":2,"featured_media":0,"comment_status":"closed","ping_status":"closed","sticky":false,"template":"","format":"standard","meta":[],"categories":[1],"tags":[110],"_links":{"self":[{"href":"http:\/\/radioluna.iesalbarregas.com\/index.php?rest_route=\/wp\/v2\/posts\/1436"}],"collection":[{"href":"http:\/\/radioluna.iesalbarregas.com\/index.php?rest_route=\/wp\/v2\/posts"}],"about":[{"href":"http:\/\/radioluna.iesalbarregas.com\/index.php?rest_route=\/wp\/v2\/types\/post"}],"author":[{"embeddable":true,"href":"http:\/\/radioluna.iesalbarregas.com\/index.php?rest_route=\/wp\/v2\/users\/2"}],"replies":[{"embeddable":true,"href":"http:\/\/radioluna.iesalbarregas.com\/index.php?rest_route=%2Fwp%2Fv2%2Fcomments&post=1436"}],"version-history":[{"count":2,"href":"http:\/\/radioluna.iesalbarregas.com\/index.php?rest_route=\/wp\/v2\/posts\/1436\/revisions"}],"predecessor-version":[{"id":1442,"href":"http:\/\/radioluna.iesalbarregas.com\/index.php?rest_route=\/wp\/v2\/posts\/1436\/revisions\/1442"}],"wp:attachment":[{"href":"http:\/\/radioluna.iesalbarregas.com\/index.php?rest_route=%2Fwp%2Fv2%2Fmedia&parent=1436"}],"wp:term":[{"taxonomy":"category","embeddable":true,"href":"http:\/\/radioluna.iesalbarregas.com\/index.php?rest_route=%2Fwp%2Fv2%2Fcategories&post=1436"},{"taxonomy":"post_tag","embeddable":true,"href":"http:\/\/radioluna.iesalbarregas.com\/index.php?rest_route=%2Fwp%2Fv2%2Ftags&post=1436"}],"curies":[{"name":"wp","href":"https:\/\/api.w.org\/{rel}","templated":true}]}}