{"id":1432,"date":"2022-02-12T11:53:00","date_gmt":"2022-02-12T10:53:00","guid":{"rendered":"http:\/\/radioluna.iesalbarregas.com\/?p=1432"},"modified":"2022-02-26T12:17:24","modified_gmt":"2022-02-26T11:17:24","slug":"dia-de-la-paz-en-el-ies-albarregas","status":"publish","type":"post","link":"http:\/\/radioluna.iesalbarregas.com\/?p=1432","title":{"rendered":"D\u00eda de la Paz en el IES Albarregas"},"content":{"rendered":"\n<p>Los alumnos de 1\u00baESO organizaron una breve pero responsable celebraci\u00f3n con motivo del D\u00eda de la Paz. Consisti\u00f3 en la lectura de un manifiesto elaborado por ellos, con apoyo musical tambi\u00e9n de un alumno, mientras los dem\u00e1s escuchaban. El acto termin\u00f3, como puede verse en las im\u00e1genes, con el lanzamiento de mensajes que todos llevaban escritos en&#8230; bueno, mejor ver el v\u00eddeo hasta el final (dura unos 5 minutos nada m\u00e1s).<\/p>\n\n\n\n<figure class=\"wp-block-embed is-type-video is-provider-youtube wp-block-embed-youtube wp-embed-aspect-16-9 wp-has-aspect-ratio\"><div class=\"wp-block-embed__wrapper\">\n<iframe loading=\"lazy\" title=\"IES Albarregas D\u00eda de la Paz 2022\" width=\"584\" height=\"329\" src=\"https:\/\/www.youtube.com\/embed\/NAWl2c6yCFA?feature=oembed\" frameborder=\"0\" allow=\"accelerometer; autoplay; clipboard-write; encrypted-media; gyroscope; picture-in-picture\" allowfullscreen><\/iframe>\n<\/div><\/figure>\n","protected":false},"excerpt":{"rendered":"<p>Los alumnos de 1\u00baESO organizaron una breve pero responsable celebraci\u00f3n con motivo del D\u00eda de la Paz. Consisti\u00f3 en la lectura de un manifiesto elaborado por ellos, con apoyo musical tambi\u00e9n de un alumno, mientras los dem\u00e1s escuchaban. El acto &hellip; <a href=\"http:\/\/radioluna.iesalbarregas.com\/?p=1432\">Sigue leyendo <span class=\"meta-nav\">&rarr;<\/span><\/a><\/p>\n","protected":false},"author":1,"featured_media":0,"comment_status":"closed","ping_status":"closed","sticky":false,"template":"","format":"standard","meta":[],"categories":[3,44],"tags":[],"_links":{"self":[{"href":"http:\/\/radioluna.iesalbarregas.com\/index.php?rest_route=\/wp\/v2\/posts\/1432"}],"collection":[{"href":"http:\/\/radioluna.iesalbarregas.com\/index.php?rest_route=\/wp\/v2\/posts"}],"about":[{"href":"http:\/\/radioluna.iesalbarregas.com\/index.php?rest_route=\/wp\/v2\/types\/post"}],"author":[{"embeddable":true,"href":"http:\/\/radioluna.iesalbarregas.com\/index.php?rest_route=\/wp\/v2\/users\/1"}],"replies":[{"embeddable":true,"href":"http:\/\/radioluna.iesalbarregas.com\/index.php?rest_route=%2Fwp%2Fv2%2Fcomments&post=1432"}],"version-history":[{"count":1,"href":"http:\/\/radioluna.iesalbarregas.com\/index.php?rest_route=\/wp\/v2\/posts\/1432\/revisions"}],"predecessor-version":[{"id":1434,"href":"http:\/\/radioluna.iesalbarregas.com\/index.php?rest_route=\/wp\/v2\/posts\/1432\/revisions\/1434"}],"wp:attachment":[{"href":"http:\/\/radioluna.iesalbarregas.com\/index.php?rest_route=%2Fwp%2Fv2%2Fmedia&parent=1432"}],"wp:term":[{"taxonomy":"category","embeddable":true,"href":"http:\/\/radioluna.iesalbarregas.com\/index.php?rest_route=%2Fwp%2Fv2%2Fcategories&post=1432"},{"taxonomy":"post_tag","embeddable":true,"href":"http:\/\/radioluna.iesalbarregas.com\/index.php?rest_route=%2Fwp%2Fv2%2Ftags&post=1432"}],"curies":[{"name":"wp","href":"https:\/\/api.w.org\/{rel}","templated":true}]}}