{"id":1394,"date":"2022-02-13T20:14:24","date_gmt":"2022-02-13T19:14:24","guid":{"rendered":"http:\/\/radioluna.iesalbarregas.com\/?p=1394"},"modified":"2022-02-13T20:14:24","modified_gmt":"2022-02-13T19:14:24","slug":"radio-luna-en-canal-extremadura-radio","status":"publish","type":"post","link":"http:\/\/radioluna.iesalbarregas.com\/?p=1394","title":{"rendered":"Radio Luna en Canal Extremadura Radio."},"content":{"rendered":"\n<figure class=\"wp-block-audio\"><audio controls src=\"http:\/\/radioluna.iesalbarregas.com\/wp-content\/uploads\/2022\/02\/4db1fc88-cb89-44db-9458-26d99642a718_Fast_H192.mp3\"><\/audio><\/figure>\n\n\n\n<p>Con motivo del D\u00eda Mundial de la Radio que se celebra el 13 de febrero, Radio Luna realiz\u00f3  una dramatizaci\u00f3n de una adaptaci\u00f3n de La Guerra de los Mundos para Canal Extremadura Radio. La emisi\u00f3n fue en riguroso directo. y los encargados de ponerle voz a esta adaptaci\u00f3n realizada por Nacho Dom\u00ednguez fueron Sof\u00eda, \u00c1lvarez, Sandra Corchero, Samuel Garrido, Miriam Garc\u00eda y Carmen Mart\u00edn. Os dejamos tambi\u00e9n el enlace a la web de Canal Extremadura Radio.<\/p>\n\n\n\n<p><a href=\"https:\/\/www.canalextremadura.es\/contenidos\/etiquetas\/la-guerra-de-los-mundos\">https:\/\/www.canalextremadura.es\/contenidos\/etiquetas\/la-guerra-de-los-mundos<\/a><\/p>\n\n\n\n<figure class=\"wp-block-image size-large\"><a href=\"http:\/\/radioluna.iesalbarregas.com\/wp-content\/uploads\/2022\/02\/Guerra-de-los-Mundos-scaled.jpg\"><img loading=\"lazy\" width=\"1024\" height=\"768\" src=\"http:\/\/radioluna.iesalbarregas.com\/wp-content\/uploads\/2022\/02\/Guerra-de-los-Mundos-1024x768.jpg\" alt=\"\" class=\"wp-image-1396\" srcset=\"http:\/\/radioluna.iesalbarregas.com\/wp-content\/uploads\/2022\/02\/Guerra-de-los-Mundos-1024x768.jpg 1024w, http:\/\/radioluna.iesalbarregas.com\/wp-content\/uploads\/2022\/02\/Guerra-de-los-Mundos-300x225.jpg 300w, http:\/\/radioluna.iesalbarregas.com\/wp-content\/uploads\/2022\/02\/Guerra-de-los-Mundos-768x576.jpg 768w, http:\/\/radioluna.iesalbarregas.com\/wp-content\/uploads\/2022\/02\/Guerra-de-los-Mundos-1536x1152.jpg 1536w, http:\/\/radioluna.iesalbarregas.com\/wp-content\/uploads\/2022\/02\/Guerra-de-los-Mundos-2048x1536.jpg 2048w, http:\/\/radioluna.iesalbarregas.com\/wp-content\/uploads\/2022\/02\/Guerra-de-los-Mundos-400x300.jpg 400w\" sizes=\"(max-width: 1024px) 100vw, 1024px\" \/><\/a><figcaption>De izda. a dcha: Sandra, Carmen, Samuel, Miriam y Sof\u00eda<\/figcaption><\/figure>\n","protected":false},"excerpt":{"rendered":"<p>Con motivo del D\u00eda Mundial de la Radio que se celebra el 13 de febrero, Radio Luna realiz\u00f3 una dramatizaci\u00f3n de una adaptaci\u00f3n de La Guerra de los Mundos para Canal Extremadura Radio. La emisi\u00f3n fue en riguroso directo. y &hellip; <a href=\"http:\/\/radioluna.iesalbarregas.com\/?p=1394\">Sigue leyendo <span class=\"meta-nav\">&rarr;<\/span><\/a><\/p>\n","protected":false},"author":2,"featured_media":0,"comment_status":"closed","ping_status":"closed","sticky":false,"template":"","format":"standard","meta":[],"categories":[9],"tags":[94],"_links":{"self":[{"href":"http:\/\/radioluna.iesalbarregas.com\/index.php?rest_route=\/wp\/v2\/posts\/1394"}],"collection":[{"href":"http:\/\/radioluna.iesalbarregas.com\/index.php?rest_route=\/wp\/v2\/posts"}],"about":[{"href":"http:\/\/radioluna.iesalbarregas.com\/index.php?rest_route=\/wp\/v2\/types\/post"}],"author":[{"embeddable":true,"href":"http:\/\/radioluna.iesalbarregas.com\/index.php?rest_route=\/wp\/v2\/users\/2"}],"replies":[{"embeddable":true,"href":"http:\/\/radioluna.iesalbarregas.com\/index.php?rest_route=%2Fwp%2Fv2%2Fcomments&post=1394"}],"version-history":[{"count":1,"href":"http:\/\/radioluna.iesalbarregas.com\/index.php?rest_route=\/wp\/v2\/posts\/1394\/revisions"}],"predecessor-version":[{"id":1397,"href":"http:\/\/radioluna.iesalbarregas.com\/index.php?rest_route=\/wp\/v2\/posts\/1394\/revisions\/1397"}],"wp:attachment":[{"href":"http:\/\/radioluna.iesalbarregas.com\/index.php?rest_route=%2Fwp%2Fv2%2Fmedia&parent=1394"}],"wp:term":[{"taxonomy":"category","embeddable":true,"href":"http:\/\/radioluna.iesalbarregas.com\/index.php?rest_route=%2Fwp%2Fv2%2Fcategories&post=1394"},{"taxonomy":"post_tag","embeddable":true,"href":"http:\/\/radioluna.iesalbarregas.com\/index.php?rest_route=%2Fwp%2Fv2%2Ftags&post=1394"}],"curies":[{"name":"wp","href":"https:\/\/api.w.org\/{rel}","templated":true}]}}