{"id":1386,"date":"2022-02-02T19:58:30","date_gmt":"2022-02-02T18:58:30","guid":{"rendered":"http:\/\/radioluna.iesalbarregas.com\/?p=1386"},"modified":"2022-02-02T20:08:01","modified_gmt":"2022-02-02T19:08:01","slug":"adolescentes-y-rrss","status":"publish","type":"post","link":"http:\/\/radioluna.iesalbarregas.com\/?p=1386","title":{"rendered":"Adolescentes y RRSS."},"content":{"rendered":"\n<p>Los alumnos de&nbsp;<strong>AFI1<\/strong>&nbsp;(1\u00ba CF Grado Superior en Administraci\u00f3n y Finanzas) a trav\u00e9s del m\u00f3dulo&nbsp;<strong>\u00abComunicaci\u00f3n y Atenci\u00f3n al Cliente\u00bb<\/strong>&nbsp;(Profesora:&nbsp;Ana Bel\u00e9n Hurtado Ch\u00e1vez) quieren reflexionar sobre diversos temas de inter\u00e9s.<\/p>\n\n\n\n<p>En este primer programa el tema elegido ha sido \u00abAdolescentes y RRSS\u00bb,&nbsp;ya que creen que es una cuesti\u00f3n muy importante para los m\u00e1s j\u00f3venes.&nbsp;Los alumnos&nbsp;<strong>participantes<\/strong>&nbsp;son:&nbsp;Alejandro Beltr\u00e1n (moderador),&nbsp;Antonio Carmona (To\u00f1o),&nbsp;Clara Caballero,&nbsp;Alberto Bermudo y Miram Garc\u00eda (Sansy).<\/p>\n\n\n\n<p>Hablar\u00e1n sobre su uso,&nbsp;si creen que los j\u00f3venes tienen un problema con las RRSS,&nbsp;cu\u00e1l deber\u00eda ser su uso correcto o c\u00f3mo podr\u00edan evitar sus inconvenientes.<\/p>\n\n\n\n<p>Han creado un perfil de Instagram para poder interactuar con los oyentes (@radioafi).&nbsp;\u00a1Os esperan!<\/p>\n\n\n\n<p>Haz click en el enlace para ver el programa de radio:<\/p>\n\n\n\n<p><a href=\"https:\/\/drive.google.com\/file\/d\/1i8UferCE9B0pL114hCLmdY4nZVgkqXkN\/view?usp=sharing\">https:\/\/drive.google.com\/file\/d\/1i8UferCE9B0pL114hCLmdY4nZVgkqXkN\/view?usp=sharing<\/a><\/p>\n\n\n\n<figure class=\"wp-block-image size-large\"><a href=\"http:\/\/radioluna.iesalbarregas.com\/wp-content\/uploads\/2022\/02\/AFI1.jpg\"><img loading=\"lazy\" width=\"1024\" height=\"659\" src=\"http:\/\/radioluna.iesalbarregas.com\/wp-content\/uploads\/2022\/02\/AFI1-1024x659.jpg\" alt=\"\" class=\"wp-image-1387\" srcset=\"http:\/\/radioluna.iesalbarregas.com\/wp-content\/uploads\/2022\/02\/AFI1-1024x659.jpg 1024w, http:\/\/radioluna.iesalbarregas.com\/wp-content\/uploads\/2022\/02\/AFI1-300x193.jpg 300w, http:\/\/radioluna.iesalbarregas.com\/wp-content\/uploads\/2022\/02\/AFI1-768x494.jpg 768w, http:\/\/radioluna.iesalbarregas.com\/wp-content\/uploads\/2022\/02\/AFI1-1536x988.jpg 1536w, http:\/\/radioluna.iesalbarregas.com\/wp-content\/uploads\/2022\/02\/AFI1-467x300.jpg 467w, http:\/\/radioluna.iesalbarregas.com\/wp-content\/uploads\/2022\/02\/AFI1.jpg 2048w\" sizes=\"(max-width: 1024px) 100vw, 1024px\" \/><\/a><\/figure>\n","protected":false},"excerpt":{"rendered":"<p>Los alumnos de&nbsp;AFI1&nbsp;(1\u00ba CF Grado Superior en Administraci\u00f3n y Finanzas) a trav\u00e9s del m\u00f3dulo&nbsp;\u00abComunicaci\u00f3n y Atenci\u00f3n al Cliente\u00bb&nbsp;(Profesora:&nbsp;Ana Bel\u00e9n Hurtado Ch\u00e1vez) quieren reflexionar sobre diversos temas de inter\u00e9s. En este primer programa el tema elegido ha sido \u00abAdolescentes y RRSS\u00bb,&nbsp;ya &hellip; <a href=\"http:\/\/radioluna.iesalbarregas.com\/?p=1386\">Sigue leyendo <span class=\"meta-nav\">&rarr;<\/span><\/a><\/p>\n","protected":false},"author":2,"featured_media":0,"comment_status":"closed","ping_status":"closed","sticky":false,"template":"","format":"standard","meta":[],"categories":[9],"tags":[107],"_links":{"self":[{"href":"http:\/\/radioluna.iesalbarregas.com\/index.php?rest_route=\/wp\/v2\/posts\/1386"}],"collection":[{"href":"http:\/\/radioluna.iesalbarregas.com\/index.php?rest_route=\/wp\/v2\/posts"}],"about":[{"href":"http:\/\/radioluna.iesalbarregas.com\/index.php?rest_route=\/wp\/v2\/types\/post"}],"author":[{"embeddable":true,"href":"http:\/\/radioluna.iesalbarregas.com\/index.php?rest_route=\/wp\/v2\/users\/2"}],"replies":[{"embeddable":true,"href":"http:\/\/radioluna.iesalbarregas.com\/index.php?rest_route=%2Fwp%2Fv2%2Fcomments&post=1386"}],"version-history":[{"count":3,"href":"http:\/\/radioluna.iesalbarregas.com\/index.php?rest_route=\/wp\/v2\/posts\/1386\/revisions"}],"predecessor-version":[{"id":1391,"href":"http:\/\/radioluna.iesalbarregas.com\/index.php?rest_route=\/wp\/v2\/posts\/1386\/revisions\/1391"}],"wp:attachment":[{"href":"http:\/\/radioluna.iesalbarregas.com\/index.php?rest_route=%2Fwp%2Fv2%2Fmedia&parent=1386"}],"wp:term":[{"taxonomy":"category","embeddable":true,"href":"http:\/\/radioluna.iesalbarregas.com\/index.php?rest_route=%2Fwp%2Fv2%2Fcategories&post=1386"},{"taxonomy":"post_tag","embeddable":true,"href":"http:\/\/radioluna.iesalbarregas.com\/index.php?rest_route=%2Fwp%2Fv2%2Ftags&post=1386"}],"curies":[{"name":"wp","href":"https:\/\/api.w.org\/{rel}","templated":true}]}}