{"id":1382,"date":"2022-01-31T10:46:53","date_gmt":"2022-01-31T09:46:53","guid":{"rendered":"http:\/\/radioluna.iesalbarregas.com\/?p=1382"},"modified":"2022-01-31T10:46:53","modified_gmt":"2022-01-31T09:46:53","slug":"entrevista-a-claudia-joaquina-rodriguez","status":"publish","type":"post","link":"http:\/\/radioluna.iesalbarregas.com\/?p=1382","title":{"rendered":"Entrevista a Claudia Joaquina Rodr\u00edguez"},"content":{"rendered":"\n<figure class=\"wp-block-audio\"><audio controls src=\"http:\/\/radioluna.iesalbarregas.com\/wp-content\/uploads\/2022\/01\/Entrevista-CJ.mp3\"><\/audio><\/figure>\n\n\n\n<p>La alumna del IES Albaregas Claudia Joaquina Rodr\u00edguez Illana, ha sido seleccionada para formar parte del Consejo Estatal de participaci\u00f3n de la Infancia y la Adolescencia, un \u00f3rgano permanente y estable de consulta, representaci\u00f3n y de participaci\u00f3n de las ni\u00f1as, ni\u00f1os y adolescentes adscrito al Ministerio de Derechos Sociales y Agenda 2030, que estar\u00e1 formado por 34 menores de 8 a 17 a\u00f1os que podr\u00e1n canalizar las preocupaciones y propuestas de la infancia. \u00a0No te pierdas la entrevista.<br><\/p>\n\n\n\n<figure class=\"wp-block-image size-large\"><a href=\"http:\/\/radioluna.iesalbarregas.com\/wp-content\/uploads\/2022\/01\/CJ.jpg\"><img loading=\"lazy\" width=\"1024\" height=\"768\" src=\"http:\/\/radioluna.iesalbarregas.com\/wp-content\/uploads\/2022\/01\/CJ-1024x768.jpg\" alt=\"\" class=\"wp-image-1384\" srcset=\"http:\/\/radioluna.iesalbarregas.com\/wp-content\/uploads\/2022\/01\/CJ-1024x768.jpg 1024w, http:\/\/radioluna.iesalbarregas.com\/wp-content\/uploads\/2022\/01\/CJ-300x225.jpg 300w, http:\/\/radioluna.iesalbarregas.com\/wp-content\/uploads\/2022\/01\/CJ-768x576.jpg 768w, http:\/\/radioluna.iesalbarregas.com\/wp-content\/uploads\/2022\/01\/CJ-400x300.jpg 400w, http:\/\/radioluna.iesalbarregas.com\/wp-content\/uploads\/2022\/01\/CJ.jpg 1080w\" sizes=\"(max-width: 1024px) 100vw, 1024px\" \/><\/a><\/figure>\n\n\n\n<p><br><br><\/p>\n","protected":false},"excerpt":{"rendered":"<p>La alumna del IES Albaregas Claudia Joaquina Rodr\u00edguez Illana, ha sido seleccionada para formar parte del Consejo Estatal de participaci\u00f3n de la Infancia y la Adolescencia, un \u00f3rgano permanente y estable de consulta, representaci\u00f3n y de participaci\u00f3n de las ni\u00f1as, &hellip; <a href=\"http:\/\/radioluna.iesalbarregas.com\/?p=1382\">Sigue leyendo <span class=\"meta-nav\">&rarr;<\/span><\/a><\/p>\n","protected":false},"author":2,"featured_media":0,"comment_status":"closed","ping_status":"closed","sticky":false,"template":"","format":"standard","meta":[],"categories":[9],"tags":[94],"_links":{"self":[{"href":"http:\/\/radioluna.iesalbarregas.com\/index.php?rest_route=\/wp\/v2\/posts\/1382"}],"collection":[{"href":"http:\/\/radioluna.iesalbarregas.com\/index.php?rest_route=\/wp\/v2\/posts"}],"about":[{"href":"http:\/\/radioluna.iesalbarregas.com\/index.php?rest_route=\/wp\/v2\/types\/post"}],"author":[{"embeddable":true,"href":"http:\/\/radioluna.iesalbarregas.com\/index.php?rest_route=\/wp\/v2\/users\/2"}],"replies":[{"embeddable":true,"href":"http:\/\/radioluna.iesalbarregas.com\/index.php?rest_route=%2Fwp%2Fv2%2Fcomments&post=1382"}],"version-history":[{"count":1,"href":"http:\/\/radioluna.iesalbarregas.com\/index.php?rest_route=\/wp\/v2\/posts\/1382\/revisions"}],"predecessor-version":[{"id":1385,"href":"http:\/\/radioluna.iesalbarregas.com\/index.php?rest_route=\/wp\/v2\/posts\/1382\/revisions\/1385"}],"wp:attachment":[{"href":"http:\/\/radioluna.iesalbarregas.com\/index.php?rest_route=%2Fwp%2Fv2%2Fmedia&parent=1382"}],"wp:term":[{"taxonomy":"category","embeddable":true,"href":"http:\/\/radioluna.iesalbarregas.com\/index.php?rest_route=%2Fwp%2Fv2%2Fcategories&post=1382"},{"taxonomy":"post_tag","embeddable":true,"href":"http:\/\/radioluna.iesalbarregas.com\/index.php?rest_route=%2Fwp%2Fv2%2Ftags&post=1382"}],"curies":[{"name":"wp","href":"https:\/\/api.w.org\/{rel}","templated":true}]}}