{"id":1358,"date":"2022-01-24T18:27:16","date_gmt":"2022-01-24T17:27:16","guid":{"rendered":"http:\/\/radioluna.iesalbarregas.com\/?p=1358"},"modified":"2022-02-03T21:27:40","modified_gmt":"2022-02-03T20:27:40","slug":"entrevista-a-isabel-gil-rosina","status":"publish","type":"post","link":"http:\/\/radioluna.iesalbarregas.com\/?p=1358","title":{"rendered":"Entrevista a Isabel Gil Rosi\u00f1a, Consejera de Igualdad y Cooperaci\u00f3n para el Desarrollo."},"content":{"rendered":"\n<figure class=\"wp-block-audio\"><audio controls src=\"http:\/\/radioluna.iesalbarregas.com\/wp-content\/uploads\/2022\/02\/entrevista-Consejera-publicar.mp3\"><\/audio><\/figure>\n\n\n\n<p>Las alumnas del IES Albarregas Claudia Joaquina Rodr\u00edguez Illana, Nora Sadornil Lozano y Diana Villanueva Bravo han entrevistado a la Consejera de Igualdad y Cooperaci\u00f3n para el Desarrollo, Isabel Gil Rosi\u00f1a. Una entrevista en la que se ha hablado de igualdad, juventud, desarrollo, educaci\u00f3n y que esperemos os resulte tan interesante y enriquecedora como a ellas. No os la perd\u00e1is. Os dejamos tambi\u00e9n los enlaces a las cuentas en RRSS de la Consejer\u00eda de Igualdad y Cooperaci\u00f3n para el Desarrollo donde se informa de la entrevista. Muchas gracias por hacer posible esta entrevista.<\/p>\n\n\n\n<p>\u00ab<em>El camino hacia la igualdad, al menos en las democracias, es imparable<\/em>\u00bb (Amelia Valc\u00e1rcel)<\/p>\n\n\n\n<p><a href=\"https:\/\/www.facebook.com\/ExtremaduraIgualitaria\/posts\/276019121296304\">https:\/\/www.facebook.com\/ExtremaduraIgualitaria\/posts\/276019121296304<\/a><\/p>\n\n\n\n<figure class=\"wp-block-embed is-type-rich is-provider-twitter wp-block-embed-twitter\"><div class=\"wp-block-embed__wrapper\">\n<blockquote class=\"twitter-tweet\" data-width=\"550\" data-dnt=\"true\"><p lang=\"es\" dir=\"ltr\">Las alumnas del <a href=\"https:\/\/twitter.com\/IESAlbarregas?ref_src=twsrc%5Etfw\">@IESAlbarregas<\/a> de M\u00e9rida, Claudia Joaquina Rodr\u00edguez, Nora Sadornil y Diana Villanueva, han entrevistado a la consejera de Igualdad y Cooperaci\u00f3n para el Desarrollo <a href=\"https:\/\/twitter.com\/gilrosinha?ref_src=twsrc%5Etfw\">@gilrosinha<\/a> en Radio Luna, la radio del instituto. Han hablado de Igualdad, j\u00f3venes, pol\u00edtica&#8230; <a href=\"https:\/\/t.co\/cZO9GbyxxJ\">pic.twitter.com\/cZO9GbyxxJ<\/a><\/p>&mdash; Consejer\u00eda de Igualdad y Cooperaci\u00f3n (@IgualdadJuntaEx) <a href=\"https:\/\/twitter.com\/IgualdadJuntaEx\/status\/1485558585446866947?ref_src=twsrc%5Etfw\">January 24, 2022<\/a><\/blockquote><script async src=\"https:\/\/platform.twitter.com\/widgets.js\" charset=\"utf-8\"><\/script>\n<\/div><\/figure>\n\n\n\n<figure class=\"wp-block-gallery columns-3 is-cropped\"><ul class=\"blocks-gallery-grid\"><li class=\"blocks-gallery-item\"><figure><a href=\"http:\/\/radioluna.iesalbarregas.com\/wp-content\/uploads\/2022\/01\/1-1024x768.jpg\"><img loading=\"lazy\" width=\"1024\" height=\"768\" src=\"http:\/\/radioluna.iesalbarregas.com\/wp-content\/uploads\/2022\/01\/1-1024x768.jpg\" alt=\"\" data-id=\"1360\" data-link=\"http:\/\/radioluna.iesalbarregas.com\/?attachment_id=1360\" class=\"wp-image-1360\" srcset=\"http:\/\/radioluna.iesalbarregas.com\/wp-content\/uploads\/2022\/01\/1-1024x768.jpg 1024w, http:\/\/radioluna.iesalbarregas.com\/wp-content\/uploads\/2022\/01\/1-300x225.jpg 300w, http:\/\/radioluna.iesalbarregas.com\/wp-content\/uploads\/2022\/01\/1-768x576.jpg 768w, http:\/\/radioluna.iesalbarregas.com\/wp-content\/uploads\/2022\/01\/1-1536x1152.jpg 1536w, http:\/\/radioluna.iesalbarregas.com\/wp-content\/uploads\/2022\/01\/1-2048x1536.jpg 2048w, http:\/\/radioluna.iesalbarregas.com\/wp-content\/uploads\/2022\/01\/1-400x300.jpg 400w\" sizes=\"(max-width: 1024px) 100vw, 1024px\" \/><\/a><\/figure><\/li><li class=\"blocks-gallery-item\"><figure><a href=\"http:\/\/radioluna.iesalbarregas.com\/wp-content\/uploads\/2022\/01\/2-1024x768.jpg\"><img loading=\"lazy\" width=\"1024\" height=\"768\" src=\"http:\/\/radioluna.iesalbarregas.com\/wp-content\/uploads\/2022\/01\/2-1024x768.jpg\" alt=\"\" data-id=\"1361\" data-link=\"http:\/\/radioluna.iesalbarregas.com\/?attachment_id=1361\" class=\"wp-image-1361\" srcset=\"http:\/\/radioluna.iesalbarregas.com\/wp-content\/uploads\/2022\/01\/2-1024x768.jpg 1024w, http:\/\/radioluna.iesalbarregas.com\/wp-content\/uploads\/2022\/01\/2-300x225.jpg 300w, http:\/\/radioluna.iesalbarregas.com\/wp-content\/uploads\/2022\/01\/2-768x576.jpg 768w, http:\/\/radioluna.iesalbarregas.com\/wp-content\/uploads\/2022\/01\/2-1536x1152.jpg 1536w, http:\/\/radioluna.iesalbarregas.com\/wp-content\/uploads\/2022\/01\/2-2048x1536.jpg 2048w, http:\/\/radioluna.iesalbarregas.com\/wp-content\/uploads\/2022\/01\/2-400x300.jpg 400w\" sizes=\"(max-width: 1024px) 100vw, 1024px\" \/><\/a><\/figure><\/li><li class=\"blocks-gallery-item\"><figure><a href=\"http:\/\/radioluna.iesalbarregas.com\/wp-content\/uploads\/2022\/01\/4-1-1024x768.jpg\"><img loading=\"lazy\" width=\"1024\" height=\"768\" src=\"http:\/\/radioluna.iesalbarregas.com\/wp-content\/uploads\/2022\/01\/4-1-1024x768.jpg\" alt=\"\" data-id=\"1365\" data-link=\"http:\/\/radioluna.iesalbarregas.com\/?attachment_id=1365\" class=\"wp-image-1365\" srcset=\"http:\/\/radioluna.iesalbarregas.com\/wp-content\/uploads\/2022\/01\/4-1-1024x768.jpg 1024w, http:\/\/radioluna.iesalbarregas.com\/wp-content\/uploads\/2022\/01\/4-1-300x225.jpg 300w, http:\/\/radioluna.iesalbarregas.com\/wp-content\/uploads\/2022\/01\/4-1-768x576.jpg 768w, http:\/\/radioluna.iesalbarregas.com\/wp-content\/uploads\/2022\/01\/4-1-1536x1152.jpg 1536w, http:\/\/radioluna.iesalbarregas.com\/wp-content\/uploads\/2022\/01\/4-1-2048x1536.jpg 2048w, http:\/\/radioluna.iesalbarregas.com\/wp-content\/uploads\/2022\/01\/4-1-400x300.jpg 400w\" sizes=\"(max-width: 1024px) 100vw, 1024px\" \/><\/a><\/figure><\/li><li class=\"blocks-gallery-item\"><figure><a href=\"http:\/\/radioluna.iesalbarregas.com\/wp-content\/uploads\/2022\/01\/4.1-scaled.jpg\"><img loading=\"lazy\" width=\"1024\" height=\"912\" src=\"http:\/\/radioluna.iesalbarregas.com\/wp-content\/uploads\/2022\/01\/4.1-1024x912.jpg\" alt=\"\" data-id=\"1369\" data-full-url=\"http:\/\/radioluna.iesalbarregas.com\/wp-content\/uploads\/2022\/01\/4.1-scaled.jpg\" data-link=\"http:\/\/radioluna.iesalbarregas.com\/?attachment_id=1369\" class=\"wp-image-1369\" srcset=\"http:\/\/radioluna.iesalbarregas.com\/wp-content\/uploads\/2022\/01\/4.1-1024x912.jpg 1024w, http:\/\/radioluna.iesalbarregas.com\/wp-content\/uploads\/2022\/01\/4.1-300x267.jpg 300w, http:\/\/radioluna.iesalbarregas.com\/wp-content\/uploads\/2022\/01\/4.1-768x684.jpg 768w, http:\/\/radioluna.iesalbarregas.com\/wp-content\/uploads\/2022\/01\/4.1-1536x1369.jpg 1536w, http:\/\/radioluna.iesalbarregas.com\/wp-content\/uploads\/2022\/01\/4.1-2048x1825.jpg 2048w, http:\/\/radioluna.iesalbarregas.com\/wp-content\/uploads\/2022\/01\/4.1-337x300.jpg 337w\" sizes=\"(max-width: 1024px) 100vw, 1024px\" \/><\/a><\/figure><\/li><\/ul><\/figure>\n","protected":false},"excerpt":{"rendered":"<p>Las alumnas del IES Albarregas Claudia Joaquina Rodr\u00edguez Illana, Nora Sadornil Lozano y Diana Villanueva Bravo han entrevistado a la Consejera de Igualdad y Cooperaci\u00f3n para el Desarrollo, Isabel Gil Rosi\u00f1a. Una entrevista en la que se ha hablado de &hellip; <a href=\"http:\/\/radioluna.iesalbarregas.com\/?p=1358\">Sigue leyendo <span class=\"meta-nav\">&rarr;<\/span><\/a><\/p>\n","protected":false},"author":2,"featured_media":0,"comment_status":"closed","ping_status":"closed","sticky":false,"template":"","format":"standard","meta":[],"categories":[53,9],"tags":[94],"_links":{"self":[{"href":"http:\/\/radioluna.iesalbarregas.com\/index.php?rest_route=\/wp\/v2\/posts\/1358"}],"collection":[{"href":"http:\/\/radioluna.iesalbarregas.com\/index.php?rest_route=\/wp\/v2\/posts"}],"about":[{"href":"http:\/\/radioluna.iesalbarregas.com\/index.php?rest_route=\/wp\/v2\/types\/post"}],"author":[{"embeddable":true,"href":"http:\/\/radioluna.iesalbarregas.com\/index.php?rest_route=\/wp\/v2\/users\/2"}],"replies":[{"embeddable":true,"href":"http:\/\/radioluna.iesalbarregas.com\/index.php?rest_route=%2Fwp%2Fv2%2Fcomments&post=1358"}],"version-history":[{"count":7,"href":"http:\/\/radioluna.iesalbarregas.com\/index.php?rest_route=\/wp\/v2\/posts\/1358\/revisions"}],"predecessor-version":[{"id":1518,"href":"http:\/\/radioluna.iesalbarregas.com\/index.php?rest_route=\/wp\/v2\/posts\/1358\/revisions\/1518"}],"wp:attachment":[{"href":"http:\/\/radioluna.iesalbarregas.com\/index.php?rest_route=%2Fwp%2Fv2%2Fmedia&parent=1358"}],"wp:term":[{"taxonomy":"category","embeddable":true,"href":"http:\/\/radioluna.iesalbarregas.com\/index.php?rest_route=%2Fwp%2Fv2%2Fcategories&post=1358"},{"taxonomy":"post_tag","embeddable":true,"href":"http:\/\/radioluna.iesalbarregas.com\/index.php?rest_route=%2Fwp%2Fv2%2Ftags&post=1358"}],"curies":[{"name":"wp","href":"https:\/\/api.w.org\/{rel}","templated":true}]}}