{"id":1354,"date":"2021-12-15T11:36:43","date_gmt":"2021-12-15T10:36:43","guid":{"rendered":"http:\/\/radioluna.iesalbarregas.com\/?p=1354"},"modified":"2021-12-15T11:36:43","modified_gmt":"2021-12-15T10:36:43","slug":"alejandro-jimenez-subcampeon-de-espana","status":"publish","type":"post","link":"http:\/\/radioluna.iesalbarregas.com\/?p=1354","title":{"rendered":"Alejandro Jim\u00e9nez Subcampe\u00f3n de Espa\u00f1a."},"content":{"rendered":"\n<p>Alejandro Jim\u00e9nez, alumno de 2\u00baESO en el IES Albarregas se ha proclamado subcampe\u00f3n de Espa\u00f1a de boxeo en la categor\u00eda de menos de 46kg en el Campeonatos de Espa\u00f1a en Edad Escolar (schoolboy). Su compa\u00f1era de clase, Diana le ha entrevistado para Radio Luna.<\/p>\n\n\n\n<figure class=\"wp-block-audio\"><audio controls src=\"http:\/\/radioluna.iesalbarregas.com\/wp-content\/uploads\/2021\/12\/Entrevista-a-Alejandro-Boxeo.mp3\"><\/audio><\/figure>\n\n\n\n<figure class=\"wp-block-image size-large\"><a href=\"http:\/\/radioluna.iesalbarregas.com\/wp-content\/uploads\/2021\/12\/Boxeo-scaled.jpg\"><img loading=\"lazy\" width=\"1024\" height=\"768\" src=\"http:\/\/radioluna.iesalbarregas.com\/wp-content\/uploads\/2021\/12\/Boxeo-1024x768.jpg\" alt=\"\" class=\"wp-image-1356\" srcset=\"http:\/\/radioluna.iesalbarregas.com\/wp-content\/uploads\/2021\/12\/Boxeo-1024x768.jpg 1024w, http:\/\/radioluna.iesalbarregas.com\/wp-content\/uploads\/2021\/12\/Boxeo-300x225.jpg 300w, http:\/\/radioluna.iesalbarregas.com\/wp-content\/uploads\/2021\/12\/Boxeo-768x576.jpg 768w, http:\/\/radioluna.iesalbarregas.com\/wp-content\/uploads\/2021\/12\/Boxeo-1536x1152.jpg 1536w, http:\/\/radioluna.iesalbarregas.com\/wp-content\/uploads\/2021\/12\/Boxeo-2048x1536.jpg 2048w, http:\/\/radioluna.iesalbarregas.com\/wp-content\/uploads\/2021\/12\/Boxeo-400x300.jpg 400w\" sizes=\"(max-width: 1024px) 100vw, 1024px\" \/><\/a><\/figure>\n","protected":false},"excerpt":{"rendered":"<p>Alejandro Jim\u00e9nez, alumno de 2\u00baESO en el IES Albarregas se ha proclamado subcampe\u00f3n de Espa\u00f1a de boxeo en la categor\u00eda de menos de 46kg en el Campeonatos de Espa\u00f1a en Edad Escolar (schoolboy). Su compa\u00f1era de clase, Diana le ha &hellip; <a href=\"http:\/\/radioluna.iesalbarregas.com\/?p=1354\">Sigue leyendo <span class=\"meta-nav\">&rarr;<\/span><\/a><\/p>\n","protected":false},"author":2,"featured_media":0,"comment_status":"closed","ping_status":"closed","sticky":false,"template":"","format":"standard","meta":[],"categories":[9],"tags":[94],"_links":{"self":[{"href":"http:\/\/radioluna.iesalbarregas.com\/index.php?rest_route=\/wp\/v2\/posts\/1354"}],"collection":[{"href":"http:\/\/radioluna.iesalbarregas.com\/index.php?rest_route=\/wp\/v2\/posts"}],"about":[{"href":"http:\/\/radioluna.iesalbarregas.com\/index.php?rest_route=\/wp\/v2\/types\/post"}],"author":[{"embeddable":true,"href":"http:\/\/radioluna.iesalbarregas.com\/index.php?rest_route=\/wp\/v2\/users\/2"}],"replies":[{"embeddable":true,"href":"http:\/\/radioluna.iesalbarregas.com\/index.php?rest_route=%2Fwp%2Fv2%2Fcomments&post=1354"}],"version-history":[{"count":1,"href":"http:\/\/radioluna.iesalbarregas.com\/index.php?rest_route=\/wp\/v2\/posts\/1354\/revisions"}],"predecessor-version":[{"id":1357,"href":"http:\/\/radioluna.iesalbarregas.com\/index.php?rest_route=\/wp\/v2\/posts\/1354\/revisions\/1357"}],"wp:attachment":[{"href":"http:\/\/radioluna.iesalbarregas.com\/index.php?rest_route=%2Fwp%2Fv2%2Fmedia&parent=1354"}],"wp:term":[{"taxonomy":"category","embeddable":true,"href":"http:\/\/radioluna.iesalbarregas.com\/index.php?rest_route=%2Fwp%2Fv2%2Fcategories&post=1354"},{"taxonomy":"post_tag","embeddable":true,"href":"http:\/\/radioluna.iesalbarregas.com\/index.php?rest_route=%2Fwp%2Fv2%2Ftags&post=1354"}],"curies":[{"name":"wp","href":"https:\/\/api.w.org\/{rel}","templated":true}]}}