{"id":1312,"date":"2021-11-26T11:36:58","date_gmt":"2021-11-26T10:36:58","guid":{"rendered":"http:\/\/radioluna.iesalbarregas.com\/?p=1312"},"modified":"2021-11-26T11:36:58","modified_gmt":"2021-11-26T10:36:58","slug":"black-friday-vs-buy-nothing-day-episode-iv","status":"publish","type":"post","link":"http:\/\/radioluna.iesalbarregas.com\/?p=1312","title":{"rendered":"BLACK FRIDAY vs BUY NOTHING DAY. Episode IV"},"content":{"rendered":"\n<p>La clase de 4\u00baA en la asignatura de ingl\u00e9s ha trabajado sobre el origen del Black Friday, ha analizado el impacto social y medioambiental de este d\u00eda. Tambi\u00e9n han conocido iniciativas como la del \u00abBuy Nothing Day\u00bb y han reflexionado sobre el consumismo y su impacto en el medio ambiente. Han sido 5 grupos diferentes los que han preparado estos programas de radio sobre la misma tem\u00e1tica. En este escucharemos a F\u00e1tima, Sole, Samara y a Sof\u00eda.<\/p>\n\n\n\n<figure class=\"wp-block-audio\"><audio controls src=\"http:\/\/radioluna.iesalbarregas.com\/wp-content\/uploads\/2021\/11\/4oA-Grupo-4.mp3\"><\/audio><\/figure>\n\n\n\n<figure class=\"wp-block-gallery columns-3 is-cropped\"><ul class=\"blocks-gallery-grid\"><li class=\"blocks-gallery-item\"><figure><a href=\"http:\/\/radioluna.iesalbarregas.com\/wp-content\/uploads\/2021\/11\/descarga-3.png\"><img loading=\"lazy\" width=\"275\" height=\"183\" src=\"http:\/\/radioluna.iesalbarregas.com\/wp-content\/uploads\/2021\/11\/descarga-3.png\" alt=\"\" data-id=\"1314\" data-link=\"http:\/\/radioluna.iesalbarregas.com\/?attachment_id=1314\" class=\"wp-image-1314\"\/><\/a><\/figure><\/li><li class=\"blocks-gallery-item\"><figure><a href=\"http:\/\/radioluna.iesalbarregas.com\/wp-content\/uploads\/2021\/11\/consumerism-3.png\"><img loading=\"lazy\" width=\"272\" height=\"185\" src=\"http:\/\/radioluna.iesalbarregas.com\/wp-content\/uploads\/2021\/11\/consumerism-3.png\" alt=\"\" data-id=\"1315\" data-link=\"http:\/\/radioluna.iesalbarregas.com\/?attachment_id=1315\" class=\"wp-image-1315\"\/><\/a><\/figure><\/li><li class=\"blocks-gallery-item\"><figure><a href=\"http:\/\/radioluna.iesalbarregas.com\/wp-content\/uploads\/2021\/11\/buy-nothing-day-3.jpeg\"><img loading=\"lazy\" width=\"201\" height=\"251\" src=\"http:\/\/radioluna.iesalbarregas.com\/wp-content\/uploads\/2021\/11\/buy-nothing-day-3.jpeg\" alt=\"\" data-id=\"1316\" data-full-url=\"http:\/\/radioluna.iesalbarregas.com\/wp-content\/uploads\/2021\/11\/buy-nothing-day-3.jpeg\" data-link=\"http:\/\/radioluna.iesalbarregas.com\/?attachment_id=1316\" class=\"wp-image-1316\"\/><\/a><\/figure><\/li><\/ul><\/figure>\n","protected":false},"excerpt":{"rendered":"<p>La clase de 4\u00baA en la asignatura de ingl\u00e9s ha trabajado sobre el origen del Black Friday, ha analizado el impacto social y medioambiental de este d\u00eda. Tambi\u00e9n han conocido iniciativas como la del \u00abBuy Nothing Day\u00bb y han reflexionado &hellip; <a href=\"http:\/\/radioluna.iesalbarregas.com\/?p=1312\">Sigue leyendo <span class=\"meta-nav\">&rarr;<\/span><\/a><\/p>\n","protected":false},"author":2,"featured_media":0,"comment_status":"closed","ping_status":"closed","sticky":false,"template":"","format":"standard","meta":[],"categories":[52,9],"tags":[94],"_links":{"self":[{"href":"http:\/\/radioluna.iesalbarregas.com\/index.php?rest_route=\/wp\/v2\/posts\/1312"}],"collection":[{"href":"http:\/\/radioluna.iesalbarregas.com\/index.php?rest_route=\/wp\/v2\/posts"}],"about":[{"href":"http:\/\/radioluna.iesalbarregas.com\/index.php?rest_route=\/wp\/v2\/types\/post"}],"author":[{"embeddable":true,"href":"http:\/\/radioluna.iesalbarregas.com\/index.php?rest_route=\/wp\/v2\/users\/2"}],"replies":[{"embeddable":true,"href":"http:\/\/radioluna.iesalbarregas.com\/index.php?rest_route=%2Fwp%2Fv2%2Fcomments&post=1312"}],"version-history":[{"count":1,"href":"http:\/\/radioluna.iesalbarregas.com\/index.php?rest_route=\/wp\/v2\/posts\/1312\/revisions"}],"predecessor-version":[{"id":1317,"href":"http:\/\/radioluna.iesalbarregas.com\/index.php?rest_route=\/wp\/v2\/posts\/1312\/revisions\/1317"}],"wp:attachment":[{"href":"http:\/\/radioluna.iesalbarregas.com\/index.php?rest_route=%2Fwp%2Fv2%2Fmedia&parent=1312"}],"wp:term":[{"taxonomy":"category","embeddable":true,"href":"http:\/\/radioluna.iesalbarregas.com\/index.php?rest_route=%2Fwp%2Fv2%2Fcategories&post=1312"},{"taxonomy":"post_tag","embeddable":true,"href":"http:\/\/radioluna.iesalbarregas.com\/index.php?rest_route=%2Fwp%2Fv2%2Ftags&post=1312"}],"curies":[{"name":"wp","href":"https:\/\/api.w.org\/{rel}","templated":true}]}}