{"id":1269,"date":"2021-11-16T11:25:13","date_gmt":"2021-11-16T10:25:13","guid":{"rendered":"http:\/\/radioluna.iesalbarregas.com\/?p=1269"},"modified":"2021-11-16T11:29:04","modified_gmt":"2021-11-16T10:29:04","slug":"audiorelatos-de-terror-i","status":"publish","type":"post","link":"http:\/\/radioluna.iesalbarregas.com\/?p=1269","title":{"rendered":"AUDIORELATOS DE TERROR I"},"content":{"rendered":"\n<p>Aqu\u00ed ten\u00e9is una selecci\u00f3n de relatos de terror que alumnos y alumnas de diferentes cursos han creado para el concurso de Audiorelatos de Terror con motivo de Halloween. Aqu\u00ed pod\u00e9is escuchar algunos relatos en espa\u00f1ol.  Alejandro, \u00c1lvaro,  Claudia, Lexuan Nacho, Pablo, Laura de 3\u00baE; Lidia y Sara de 3\u00baA y Celia de 2\u00baE. Todos han creado y grabado sus audiorelatos. Pr\u00f3ximamente se celebrar\u00e1 la entrega de premios y os mantendremos informados aqu\u00ed en Radio Luna. Enhorabuena a los alumnos por el excelente trabajo.<\/p>\n\n\n\n<figure class=\"wp-block-audio\"><audio controls src=\"http:\/\/radioluna.iesalbarregas.com\/wp-content\/uploads\/2021\/11\/Audiorelatos-espanol.mp3\"><\/audio><\/figure>\n\n\n\n<figure class=\"wp-block-image size-large\"><a href=\"http:\/\/radioluna.iesalbarregas.com\/wp-content\/uploads\/2021\/11\/Foto-scaled.jpg\"><img loading=\"lazy\" width=\"1024\" height=\"768\" src=\"http:\/\/radioluna.iesalbarregas.com\/wp-content\/uploads\/2021\/11\/Foto-1024x768.jpg\" alt=\"\" class=\"wp-image-1271\" srcset=\"http:\/\/radioluna.iesalbarregas.com\/wp-content\/uploads\/2021\/11\/Foto-1024x768.jpg 1024w, http:\/\/radioluna.iesalbarregas.com\/wp-content\/uploads\/2021\/11\/Foto-300x225.jpg 300w, http:\/\/radioluna.iesalbarregas.com\/wp-content\/uploads\/2021\/11\/Foto-768x576.jpg 768w, http:\/\/radioluna.iesalbarregas.com\/wp-content\/uploads\/2021\/11\/Foto-1536x1152.jpg 1536w, http:\/\/radioluna.iesalbarregas.com\/wp-content\/uploads\/2021\/11\/Foto-2048x1536.jpg 2048w, http:\/\/radioluna.iesalbarregas.com\/wp-content\/uploads\/2021\/11\/Foto-400x300.jpg 400w\" sizes=\"(max-width: 1024px) 100vw, 1024px\" \/><\/a><\/figure>\n","protected":false},"excerpt":{"rendered":"<p>Aqu\u00ed ten\u00e9is una selecci\u00f3n de relatos de terror que alumnos y alumnas de diferentes cursos han creado para el concurso de Audiorelatos de Terror con motivo de Halloween. Aqu\u00ed pod\u00e9is escuchar algunos relatos en espa\u00f1ol. Alejandro, \u00c1lvaro, Claudia, Lexuan Nacho, &hellip; <a href=\"http:\/\/radioluna.iesalbarregas.com\/?p=1269\">Sigue leyendo <span class=\"meta-nav\">&rarr;<\/span><\/a><\/p>\n","protected":false},"author":2,"featured_media":0,"comment_status":"closed","ping_status":"closed","sticky":false,"template":"","format":"standard","meta":[],"categories":[1],"tags":[97,98],"_links":{"self":[{"href":"http:\/\/radioluna.iesalbarregas.com\/index.php?rest_route=\/wp\/v2\/posts\/1269"}],"collection":[{"href":"http:\/\/radioluna.iesalbarregas.com\/index.php?rest_route=\/wp\/v2\/posts"}],"about":[{"href":"http:\/\/radioluna.iesalbarregas.com\/index.php?rest_route=\/wp\/v2\/types\/post"}],"author":[{"embeddable":true,"href":"http:\/\/radioluna.iesalbarregas.com\/index.php?rest_route=\/wp\/v2\/users\/2"}],"replies":[{"embeddable":true,"href":"http:\/\/radioluna.iesalbarregas.com\/index.php?rest_route=%2Fwp%2Fv2%2Fcomments&post=1269"}],"version-history":[{"count":3,"href":"http:\/\/radioluna.iesalbarregas.com\/index.php?rest_route=\/wp\/v2\/posts\/1269\/revisions"}],"predecessor-version":[{"id":1274,"href":"http:\/\/radioluna.iesalbarregas.com\/index.php?rest_route=\/wp\/v2\/posts\/1269\/revisions\/1274"}],"wp:attachment":[{"href":"http:\/\/radioluna.iesalbarregas.com\/index.php?rest_route=%2Fwp%2Fv2%2Fmedia&parent=1269"}],"wp:term":[{"taxonomy":"category","embeddable":true,"href":"http:\/\/radioluna.iesalbarregas.com\/index.php?rest_route=%2Fwp%2Fv2%2Fcategories&post=1269"},{"taxonomy":"post_tag","embeddable":true,"href":"http:\/\/radioluna.iesalbarregas.com\/index.php?rest_route=%2Fwp%2Fv2%2Ftags&post=1269"}],"curies":[{"name":"wp","href":"https:\/\/api.w.org\/{rel}","templated":true}]}}