{"id":1241,"date":"2021-10-28T12:27:03","date_gmt":"2021-10-28T11:27:03","guid":{"rendered":"http:\/\/radioluna.iesalbarregas.com\/?p=1241"},"modified":"2021-10-28T12:27:03","modified_gmt":"2021-10-28T11:27:03","slug":"halloween-vs-dia-de-los-santos","status":"publish","type":"post","link":"http:\/\/radioluna.iesalbarregas.com\/?p=1241","title":{"rendered":"HALLOWEEN VS D\u00cdA DE LOS SANTOS"},"content":{"rendered":"\n<p>Cada vez es m\u00e1s com\u00fan ver celebraciones de Halloween en nuestro entorno, pero \u00bfqu\u00e9 hay de nuestras tradiciones, como la \u00abChaquet\u00eda\u00bb? \u00bfC\u00f3mo de saludables son los h\u00e1bitos que promueven? Sobre esto nos hablan hoy Mar\u00eda Iglesias y Sergio Miranda, de 4\u00ba ESO D.<\/p>\n\n\n\n<figure class=\"wp-block-audio\"><audio controls src=\"http:\/\/radioluna.iesalbarregas.com\/wp-content\/uploads\/2021\/10\/Halloween.mp3\"><\/audio><\/figure>\n\n\n\n<figure class=\"wp-block-gallery columns-2 is-cropped\"><ul class=\"blocks-gallery-grid\"><li class=\"blocks-gallery-item\"><figure><a href=\"http:\/\/radioluna.iesalbarregas.com\/wp-content\/uploads\/2021\/10\/1635418524923-768x1024.jpg\"><img loading=\"lazy\" width=\"768\" height=\"1024\" src=\"http:\/\/radioluna.iesalbarregas.com\/wp-content\/uploads\/2021\/10\/1635418524923-768x1024.jpg\" alt=\"\" data-id=\"1243\" data-link=\"http:\/\/radioluna.iesalbarregas.com\/?attachment_id=1243\" class=\"wp-image-1243\" srcset=\"http:\/\/radioluna.iesalbarregas.com\/wp-content\/uploads\/2021\/10\/1635418524923-768x1024.jpg 768w, http:\/\/radioluna.iesalbarregas.com\/wp-content\/uploads\/2021\/10\/1635418524923-225x300.jpg 225w, http:\/\/radioluna.iesalbarregas.com\/wp-content\/uploads\/2021\/10\/1635418524923-1152x1536.jpg 1152w, http:\/\/radioluna.iesalbarregas.com\/wp-content\/uploads\/2021\/10\/1635418524923-1536x2048.jpg 1536w, http:\/\/radioluna.iesalbarregas.com\/wp-content\/uploads\/2021\/10\/1635418524923-scaled.jpg 1920w\" sizes=\"(max-width: 768px) 100vw, 768px\" \/><\/a><\/figure><\/li><li class=\"blocks-gallery-item\"><figure><a href=\"http:\/\/radioluna.iesalbarregas.com\/wp-content\/uploads\/2021\/10\/1635418519002-scaled.jpg\"><img loading=\"lazy\" width=\"768\" height=\"1024\" src=\"http:\/\/radioluna.iesalbarregas.com\/wp-content\/uploads\/2021\/10\/1635418519002-768x1024.jpg\" alt=\"\" data-id=\"1244\" data-full-url=\"http:\/\/radioluna.iesalbarregas.com\/wp-content\/uploads\/2021\/10\/1635418519002-scaled.jpg\" data-link=\"http:\/\/radioluna.iesalbarregas.com\/?attachment_id=1244\" class=\"wp-image-1244\" srcset=\"http:\/\/radioluna.iesalbarregas.com\/wp-content\/uploads\/2021\/10\/1635418519002-768x1024.jpg 768w, http:\/\/radioluna.iesalbarregas.com\/wp-content\/uploads\/2021\/10\/1635418519002-225x300.jpg 225w, http:\/\/radioluna.iesalbarregas.com\/wp-content\/uploads\/2021\/10\/1635418519002-1152x1536.jpg 1152w, http:\/\/radioluna.iesalbarregas.com\/wp-content\/uploads\/2021\/10\/1635418519002-1536x2048.jpg 1536w, http:\/\/radioluna.iesalbarregas.com\/wp-content\/uploads\/2021\/10\/1635418519002-scaled.jpg 1920w\" sizes=\"(max-width: 768px) 100vw, 768px\" \/><\/a><\/figure><\/li><\/ul><\/figure>\n","protected":false},"excerpt":{"rendered":"<p>Cada vez es m\u00e1s com\u00fan ver celebraciones de Halloween en nuestro entorno, pero \u00bfqu\u00e9 hay de nuestras tradiciones, como la \u00abChaquet\u00eda\u00bb? \u00bfC\u00f3mo de saludables son los h\u00e1bitos que promueven? Sobre esto nos hablan hoy Mar\u00eda Iglesias y Sergio Miranda, de &hellip; <a href=\"http:\/\/radioluna.iesalbarregas.com\/?p=1241\">Sigue leyendo <span class=\"meta-nav\">&rarr;<\/span><\/a><\/p>\n","protected":false},"author":2,"featured_media":0,"comment_status":"closed","ping_status":"closed","sticky":false,"template":"","format":"standard","meta":[],"categories":[9],"tags":[96],"_links":{"self":[{"href":"http:\/\/radioluna.iesalbarregas.com\/index.php?rest_route=\/wp\/v2\/posts\/1241"}],"collection":[{"href":"http:\/\/radioluna.iesalbarregas.com\/index.php?rest_route=\/wp\/v2\/posts"}],"about":[{"href":"http:\/\/radioluna.iesalbarregas.com\/index.php?rest_route=\/wp\/v2\/types\/post"}],"author":[{"embeddable":true,"href":"http:\/\/radioluna.iesalbarregas.com\/index.php?rest_route=\/wp\/v2\/users\/2"}],"replies":[{"embeddable":true,"href":"http:\/\/radioluna.iesalbarregas.com\/index.php?rest_route=%2Fwp%2Fv2%2Fcomments&post=1241"}],"version-history":[{"count":1,"href":"http:\/\/radioluna.iesalbarregas.com\/index.php?rest_route=\/wp\/v2\/posts\/1241\/revisions"}],"predecessor-version":[{"id":1245,"href":"http:\/\/radioluna.iesalbarregas.com\/index.php?rest_route=\/wp\/v2\/posts\/1241\/revisions\/1245"}],"wp:attachment":[{"href":"http:\/\/radioluna.iesalbarregas.com\/index.php?rest_route=%2Fwp%2Fv2%2Fmedia&parent=1241"}],"wp:term":[{"taxonomy":"category","embeddable":true,"href":"http:\/\/radioluna.iesalbarregas.com\/index.php?rest_route=%2Fwp%2Fv2%2Fcategories&post=1241"},{"taxonomy":"post_tag","embeddable":true,"href":"http:\/\/radioluna.iesalbarregas.com\/index.php?rest_route=%2Fwp%2Fv2%2Ftags&post=1241"}],"curies":[{"name":"wp","href":"https:\/\/api.w.org\/{rel}","templated":true}]}}