{"id":1232,"date":"2021-10-26T09:20:17","date_gmt":"2021-10-26T08:20:17","guid":{"rendered":"http:\/\/radioluna.iesalbarregas.com\/?p=1232"},"modified":"2021-10-26T09:20:17","modified_gmt":"2021-10-26T08:20:17","slug":"raid-multiaventura-intercentros","status":"publish","type":"post","link":"http:\/\/radioluna.iesalbarregas.com\/?p=1232","title":{"rendered":"RAID MULTIAVENTURA INTERCENTROS."},"content":{"rendered":"\n<p>El pasado mi\u00e9rcoles d\u00eda 20 de octubre, el alumnado de 3\u00ba ESO C particip\u00f3 en el programa PROADES de promoci\u00f3n de la actividad f\u00edsica-deportiva de la Junta de Extremadura. Participamos en la modalidad de RAID MULTIAVENTURA INTERCENTROS. La actividad consisti\u00f3 en completar un recorrido de orientaci\u00f3n con pruebas especiales, \u00e9stas fueron kayak, r\u00e1pel y tiro con arco. Fueron en grupos de tres o dos personas, en categor\u00eda masculina, femenina o mixta. Participaron grupos de cuatro centros educativos de la comunidad.&nbsp;<\/p>\n\n\n\n<p>La actividad result\u00f3 ser todo un \u00e9xito. Se disfrut\u00f3 de un gran d\u00eda en el entorno natural de Barcarrota. La implicaci\u00f3n de nuestro alumnado fue muy destacable. Conseguimos un 1\u00ba premio en la categor\u00eda mixta: Luc\u00eda Rivas, Luna Mac\u00edas y H\u00e9ctor M\u00e1rquez, 3\u00ba premio en categor\u00eda femenina: Diana G\u00f3mez, Elena Gallardo y Lidia Plaza y un 4\u00ba puesto en categor\u00eda masculina Juan Pablo Guti\u00e9rrez, Hugo Tamayo, Adriano Donoso.<\/p>\n\n\n\n<figure class=\"wp-block-audio\"><audio controls src=\"http:\/\/radioluna.iesalbarregas.com\/wp-content\/uploads\/2021\/10\/RAID-Multiaventura.mp3\"><\/audio><\/figure>\n\n\n\n<figure class=\"wp-block-gallery columns-1 is-cropped\"><ul class=\"blocks-gallery-grid\"><li class=\"blocks-gallery-item\"><figure><a href=\"http:\/\/radioluna.iesalbarregas.com\/wp-content\/uploads\/2021\/10\/Foto-de-Nacho-2.jpg\"><img loading=\"lazy\" width=\"1024\" height=\"768\" src=\"http:\/\/radioluna.iesalbarregas.com\/wp-content\/uploads\/2021\/10\/Foto-de-Nacho-2-1024x768.jpg\" alt=\"\" data-id=\"1234\" data-full-url=\"http:\/\/radioluna.iesalbarregas.com\/wp-content\/uploads\/2021\/10\/Foto-de-Nacho-2.jpg\" data-link=\"http:\/\/radioluna.iesalbarregas.com\/?attachment_id=1234\" class=\"wp-image-1234\" srcset=\"http:\/\/radioluna.iesalbarregas.com\/wp-content\/uploads\/2021\/10\/Foto-de-Nacho-2-1024x768.jpg 1024w, http:\/\/radioluna.iesalbarregas.com\/wp-content\/uploads\/2021\/10\/Foto-de-Nacho-2-300x225.jpg 300w, http:\/\/radioluna.iesalbarregas.com\/wp-content\/uploads\/2021\/10\/Foto-de-Nacho-2-768x576.jpg 768w, http:\/\/radioluna.iesalbarregas.com\/wp-content\/uploads\/2021\/10\/Foto-de-Nacho-2-1536x1152.jpg 1536w, http:\/\/radioluna.iesalbarregas.com\/wp-content\/uploads\/2021\/10\/Foto-de-Nacho-2-400x300.jpg 400w, http:\/\/radioluna.iesalbarregas.com\/wp-content\/uploads\/2021\/10\/Foto-de-Nacho-2.jpg 1600w\" sizes=\"(max-width: 1024px) 100vw, 1024px\" \/><\/a><\/figure><\/li><\/ul><\/figure>\n\n\n\n<div class=\"wp-container-2 wp-block-group\"><div class=\"wp-block-group__inner-container\">\n<div class=\"wp-block-columns\">\n<div class=\"wp-block-column\" style=\"flex-basis:100%\">\n<div class=\"wp-container-1 wp-block-group\"><div class=\"wp-block-group__inner-container\">\n<figure class=\"wp-block-gallery columns-1 is-cropped\"><ul class=\"blocks-gallery-grid\"><li class=\"blocks-gallery-item\"><figure><a href=\"http:\/\/radioluna.iesalbarregas.com\/wp-content\/uploads\/2021\/10\/Foto-de-Nacho-3.jpg\"><img loading=\"lazy\" width=\"1024\" height=\"768\" src=\"http:\/\/radioluna.iesalbarregas.com\/wp-content\/uploads\/2021\/10\/Foto-de-Nacho-3-1024x768.jpg\" alt=\"\" data-id=\"1235\" data-full-url=\"http:\/\/radioluna.iesalbarregas.com\/wp-content\/uploads\/2021\/10\/Foto-de-Nacho-3.jpg\" data-link=\"http:\/\/radioluna.iesalbarregas.com\/?attachment_id=1235\" class=\"wp-image-1235\" srcset=\"http:\/\/radioluna.iesalbarregas.com\/wp-content\/uploads\/2021\/10\/Foto-de-Nacho-3-1024x768.jpg 1024w, http:\/\/radioluna.iesalbarregas.com\/wp-content\/uploads\/2021\/10\/Foto-de-Nacho-3-300x225.jpg 300w, http:\/\/radioluna.iesalbarregas.com\/wp-content\/uploads\/2021\/10\/Foto-de-Nacho-3-768x576.jpg 768w, http:\/\/radioluna.iesalbarregas.com\/wp-content\/uploads\/2021\/10\/Foto-de-Nacho-3-1536x1152.jpg 1536w, http:\/\/radioluna.iesalbarregas.com\/wp-content\/uploads\/2021\/10\/Foto-de-Nacho-3-400x300.jpg 400w, http:\/\/radioluna.iesalbarregas.com\/wp-content\/uploads\/2021\/10\/Foto-de-Nacho-3.jpg 1600w\" sizes=\"(max-width: 1024px) 100vw, 1024px\" \/><\/a><\/figure><\/li><\/ul><\/figure>\n<\/div><\/div>\n<\/div>\n<\/div>\n<\/div><\/div>\n","protected":false},"excerpt":{"rendered":"<p>El pasado mi\u00e9rcoles d\u00eda 20 de octubre, el alumnado de 3\u00ba ESO C particip\u00f3 en el programa PROADES de promoci\u00f3n de la actividad f\u00edsica-deportiva de la Junta de Extremadura. Participamos en la modalidad de RAID MULTIAVENTURA INTERCENTROS. La actividad consisti\u00f3 &hellip; <a href=\"http:\/\/radioluna.iesalbarregas.com\/?p=1232\">Sigue leyendo <span class=\"meta-nav\">&rarr;<\/span><\/a><\/p>\n","protected":false},"author":2,"featured_media":0,"comment_status":"closed","ping_status":"closed","sticky":false,"template":"","format":"standard","meta":[],"categories":[9],"tags":[95],"_links":{"self":[{"href":"http:\/\/radioluna.iesalbarregas.com\/index.php?rest_route=\/wp\/v2\/posts\/1232"}],"collection":[{"href":"http:\/\/radioluna.iesalbarregas.com\/index.php?rest_route=\/wp\/v2\/posts"}],"about":[{"href":"http:\/\/radioluna.iesalbarregas.com\/index.php?rest_route=\/wp\/v2\/types\/post"}],"author":[{"embeddable":true,"href":"http:\/\/radioluna.iesalbarregas.com\/index.php?rest_route=\/wp\/v2\/users\/2"}],"replies":[{"embeddable":true,"href":"http:\/\/radioluna.iesalbarregas.com\/index.php?rest_route=%2Fwp%2Fv2%2Fcomments&post=1232"}],"version-history":[{"count":1,"href":"http:\/\/radioluna.iesalbarregas.com\/index.php?rest_route=\/wp\/v2\/posts\/1232\/revisions"}],"predecessor-version":[{"id":1236,"href":"http:\/\/radioluna.iesalbarregas.com\/index.php?rest_route=\/wp\/v2\/posts\/1232\/revisions\/1236"}],"wp:attachment":[{"href":"http:\/\/radioluna.iesalbarregas.com\/index.php?rest_route=%2Fwp%2Fv2%2Fmedia&parent=1232"}],"wp:term":[{"taxonomy":"category","embeddable":true,"href":"http:\/\/radioluna.iesalbarregas.com\/index.php?rest_route=%2Fwp%2Fv2%2Fcategories&post=1232"},{"taxonomy":"post_tag","embeddable":true,"href":"http:\/\/radioluna.iesalbarregas.com\/index.php?rest_route=%2Fwp%2Fv2%2Ftags&post=1232"}],"curies":[{"name":"wp","href":"https:\/\/api.w.org\/{rel}","templated":true}]}}