{"id":1224,"date":"2021-06-18T00:55:24","date_gmt":"2021-06-17T23:55:24","guid":{"rendered":"http:\/\/radioluna.iesalbarregas.com\/?p=1224"},"modified":"2021-06-18T00:55:24","modified_gmt":"2021-06-17T23:55:24","slug":"entrevista-a-lazaro-de-tormes","status":"publish","type":"post","link":"http:\/\/radioluna.iesalbarregas.com\/?p=1224","title":{"rendered":"Entrevista a L\u00e1zaro de Tormes"},"content":{"rendered":"\n<p>Como remate a varias semanas de trabajo alrededor de la obra \u00abEl Lazarillo de Tormes\u00bb, en las asignaturas de Lengua castellana y literatura y Geograf\u00eda e Historia (2\u00baESO), dos alumnos nos ofrecen, nada m\u00e1s y nada menos, que una entrevista \u00abposible\u00bb al protagonista de la obra: L\u00e1zaro de Tormes. Natalia Wong y Fernando Garc\u00eda, con la ayuda de su profesora Aurora Rodr\u00edguez, nos deleitan algo m\u00e1s de 5 minutos con este viaje al pasado.<\/p>\n\n\n\n<figure class=\"wp-block-embed is-type-video is-provider-youtube wp-block-embed-youtube wp-embed-aspect-16-9 wp-has-aspect-ratio\"><div class=\"wp-block-embed__wrapper\">\n<iframe loading=\"lazy\" title=\"Entrevista Lazaro de Tormes\" width=\"584\" height=\"329\" src=\"https:\/\/www.youtube.com\/embed\/Vl21NWGz7sc?feature=oembed\" frameborder=\"0\" allow=\"accelerometer; autoplay; clipboard-write; encrypted-media; gyroscope; picture-in-picture\" allowfullscreen><\/iframe>\n<\/div><\/figure>\n","protected":false},"excerpt":{"rendered":"<p>Como remate a varias semanas de trabajo alrededor de la obra \u00abEl Lazarillo de Tormes\u00bb, en las asignaturas de Lengua castellana y literatura y Geograf\u00eda e Historia (2\u00baESO), dos alumnos nos ofrecen, nada m\u00e1s y nada menos, que una entrevista &hellip; <a href=\"http:\/\/radioluna.iesalbarregas.com\/?p=1224\">Sigue leyendo <span class=\"meta-nav\">&rarr;<\/span><\/a><\/p>\n","protected":false},"author":1,"featured_media":0,"comment_status":"closed","ping_status":"closed","sticky":false,"template":"","format":"standard","meta":[],"categories":[44],"tags":[],"_links":{"self":[{"href":"http:\/\/radioluna.iesalbarregas.com\/index.php?rest_route=\/wp\/v2\/posts\/1224"}],"collection":[{"href":"http:\/\/radioluna.iesalbarregas.com\/index.php?rest_route=\/wp\/v2\/posts"}],"about":[{"href":"http:\/\/radioluna.iesalbarregas.com\/index.php?rest_route=\/wp\/v2\/types\/post"}],"author":[{"embeddable":true,"href":"http:\/\/radioluna.iesalbarregas.com\/index.php?rest_route=\/wp\/v2\/users\/1"}],"replies":[{"embeddable":true,"href":"http:\/\/radioluna.iesalbarregas.com\/index.php?rest_route=%2Fwp%2Fv2%2Fcomments&post=1224"}],"version-history":[{"count":1,"href":"http:\/\/radioluna.iesalbarregas.com\/index.php?rest_route=\/wp\/v2\/posts\/1224\/revisions"}],"predecessor-version":[{"id":1225,"href":"http:\/\/radioluna.iesalbarregas.com\/index.php?rest_route=\/wp\/v2\/posts\/1224\/revisions\/1225"}],"wp:attachment":[{"href":"http:\/\/radioluna.iesalbarregas.com\/index.php?rest_route=%2Fwp%2Fv2%2Fmedia&parent=1224"}],"wp:term":[{"taxonomy":"category","embeddable":true,"href":"http:\/\/radioluna.iesalbarregas.com\/index.php?rest_route=%2Fwp%2Fv2%2Fcategories&post=1224"},{"taxonomy":"post_tag","embeddable":true,"href":"http:\/\/radioluna.iesalbarregas.com\/index.php?rest_route=%2Fwp%2Fv2%2Ftags&post=1224"}],"curies":[{"name":"wp","href":"https:\/\/api.w.org\/{rel}","templated":true}]}}