{"id":1123,"date":"2021-05-10T18:20:37","date_gmt":"2021-05-10T17:20:37","guid":{"rendered":"http:\/\/radioluna.iesalbarregas.com\/?p=1123"},"modified":"2021-05-10T18:20:37","modified_gmt":"2021-05-10T17:20:37","slug":"david-corbacho-musica-entre-bambalinas","status":"publish","type":"post","link":"http:\/\/radioluna.iesalbarregas.com\/?p=1123","title":{"rendered":"David Corbacho: M\u00fasica entre Bambalinas."},"content":{"rendered":"\n<p>Hoy ha pasado por el estudio de Radio Luna David Corbacho, Jefe de Gira y de Producci\u00f3n de los MAREA, una banda de rock que no necesita presentaci\u00f3n. David nos ha hablado sobre su larga trayectoria en el mundo de la m\u00fasica, sobre la situaci\u00f3n del sector, planes, an\u00e9cdotas y todo lo que ha podido dar de s\u00ed esta entrevista que nos ha sabido a poco (como la luna). Jos\u00e9 Luis Pizarro (4\u00baC) y Jos\u00e9 Pacheco (1\u00ba Bachillerato G) han preparado algunas preguntas para David. Desde el IES Albarregas damos las gracias a David por haber atendido a nuestra llamada. Al final de la entrevista nos ha hecho entrega de una bandera firmada por todos los componentes de la banda (Kutxi, Colibr\u00ed, Pi\u00f1as. Alen y C\u00e9sar) a quienes agradecemos enormemente el detalle. <\/p>\n\n\n\n<p>M\u00fasica: <em>Muchas Lanzas<\/em> (Intro) y <em>La Luna me Sabe a Poco<\/em> (Cierre) a cargo de MAREA.<\/p>\n\n\n\n<p><\/p>\n\n\n\n<figure class=\"wp-block-audio\"><audio controls src=\"http:\/\/radioluna.iesalbarregas.com\/wp-content\/uploads\/2021\/05\/David-Corbacho2.mp3\"><\/audio><\/figure>\n\n\n\n<figure class=\"wp-block-gallery columns-2 is-cropped\"><ul class=\"blocks-gallery-grid\"><li class=\"blocks-gallery-item\"><figure><a href=\"http:\/\/radioluna.iesalbarregas.com\/wp-content\/uploads\/2021\/05\/1620665739216-1024x576.jpg\"><img loading=\"lazy\" width=\"1024\" height=\"576\" src=\"http:\/\/radioluna.iesalbarregas.com\/wp-content\/uploads\/2021\/05\/1620665739216-1024x576.jpg\" alt=\"\" data-id=\"1125\" data-link=\"http:\/\/radioluna.iesalbarregas.com\/?attachment_id=1125\" class=\"wp-image-1125\" srcset=\"http:\/\/radioluna.iesalbarregas.com\/wp-content\/uploads\/2021\/05\/1620665739216-1024x576.jpg 1024w, http:\/\/radioluna.iesalbarregas.com\/wp-content\/uploads\/2021\/05\/1620665739216-300x169.jpg 300w, http:\/\/radioluna.iesalbarregas.com\/wp-content\/uploads\/2021\/05\/1620665739216-768x432.jpg 768w, http:\/\/radioluna.iesalbarregas.com\/wp-content\/uploads\/2021\/05\/1620665739216-1536x864.jpg 1536w, http:\/\/radioluna.iesalbarregas.com\/wp-content\/uploads\/2021\/05\/1620665739216-500x281.jpg 500w, http:\/\/radioluna.iesalbarregas.com\/wp-content\/uploads\/2021\/05\/1620665739216.jpg 1600w\" sizes=\"(max-width: 1024px) 100vw, 1024px\" \/><\/a><\/figure><\/li><li class=\"blocks-gallery-item\"><figure><a href=\"http:\/\/radioluna.iesalbarregas.com\/wp-content\/uploads\/2021\/05\/1620665739258.jpg\"><img loading=\"lazy\" width=\"1024\" height=\"576\" src=\"http:\/\/radioluna.iesalbarregas.com\/wp-content\/uploads\/2021\/05\/1620665739258-1024x576.jpg\" alt=\"\" data-id=\"1126\" data-full-url=\"http:\/\/radioluna.iesalbarregas.com\/wp-content\/uploads\/2021\/05\/1620665739258.jpg\" data-link=\"http:\/\/radioluna.iesalbarregas.com\/?attachment_id=1126\" class=\"wp-image-1126\" srcset=\"http:\/\/radioluna.iesalbarregas.com\/wp-content\/uploads\/2021\/05\/1620665739258-1024x576.jpg 1024w, http:\/\/radioluna.iesalbarregas.com\/wp-content\/uploads\/2021\/05\/1620665739258-300x169.jpg 300w, http:\/\/radioluna.iesalbarregas.com\/wp-content\/uploads\/2021\/05\/1620665739258-768x432.jpg 768w, http:\/\/radioluna.iesalbarregas.com\/wp-content\/uploads\/2021\/05\/1620665739258-1536x864.jpg 1536w, http:\/\/radioluna.iesalbarregas.com\/wp-content\/uploads\/2021\/05\/1620665739258-500x281.jpg 500w, http:\/\/radioluna.iesalbarregas.com\/wp-content\/uploads\/2021\/05\/1620665739258.jpg 1600w\" sizes=\"(max-width: 1024px) 100vw, 1024px\" \/><\/a><\/figure><\/li><\/ul><\/figure>\n","protected":false},"excerpt":{"rendered":"<p>Hoy ha pasado por el estudio de Radio Luna David Corbacho, Jefe de Gira y de Producci\u00f3n de los MAREA, una banda de rock que no necesita presentaci\u00f3n. David nos ha hablado sobre su larga trayectoria en el mundo de &hellip; <a href=\"http:\/\/radioluna.iesalbarregas.com\/?p=1123\">Sigue leyendo <span class=\"meta-nav\">&rarr;<\/span><\/a><\/p>\n","protected":false},"author":2,"featured_media":0,"comment_status":"closed","ping_status":"closed","sticky":false,"template":"","format":"standard","meta":[],"categories":[53,9],"tags":[65],"_links":{"self":[{"href":"http:\/\/radioluna.iesalbarregas.com\/index.php?rest_route=\/wp\/v2\/posts\/1123"}],"collection":[{"href":"http:\/\/radioluna.iesalbarregas.com\/index.php?rest_route=\/wp\/v2\/posts"}],"about":[{"href":"http:\/\/radioluna.iesalbarregas.com\/index.php?rest_route=\/wp\/v2\/types\/post"}],"author":[{"embeddable":true,"href":"http:\/\/radioluna.iesalbarregas.com\/index.php?rest_route=\/wp\/v2\/users\/2"}],"replies":[{"embeddable":true,"href":"http:\/\/radioluna.iesalbarregas.com\/index.php?rest_route=%2Fwp%2Fv2%2Fcomments&post=1123"}],"version-history":[{"count":1,"href":"http:\/\/radioluna.iesalbarregas.com\/index.php?rest_route=\/wp\/v2\/posts\/1123\/revisions"}],"predecessor-version":[{"id":1127,"href":"http:\/\/radioluna.iesalbarregas.com\/index.php?rest_route=\/wp\/v2\/posts\/1123\/revisions\/1127"}],"wp:attachment":[{"href":"http:\/\/radioluna.iesalbarregas.com\/index.php?rest_route=%2Fwp%2Fv2%2Fmedia&parent=1123"}],"wp:term":[{"taxonomy":"category","embeddable":true,"href":"http:\/\/radioluna.iesalbarregas.com\/index.php?rest_route=%2Fwp%2Fv2%2Fcategories&post=1123"},{"taxonomy":"post_tag","embeddable":true,"href":"http:\/\/radioluna.iesalbarregas.com\/index.php?rest_route=%2Fwp%2Fv2%2Ftags&post=1123"}],"curies":[{"name":"wp","href":"https:\/\/api.w.org\/{rel}","templated":true}]}}