{"id":1111,"date":"2021-05-09T18:42:44","date_gmt":"2021-05-09T17:42:44","guid":{"rendered":"http:\/\/radioluna.iesalbarregas.com\/?p=1111"},"modified":"2021-05-13T09:43:29","modified_gmt":"2021-05-13T08:43:29","slug":"ii-maraton-de-radio","status":"publish","type":"post","link":"http:\/\/radioluna.iesalbarregas.com\/?p=1111","title":{"rendered":"II Marat\u00f3n de Radio del IES Albarregas."},"content":{"rendered":"\n<p>El viernes 7 de mayo de 2021 se celebr\u00f3 la II Marat\u00f3n de Radio en directo de Radio Luna. Un evento en el que participaron m\u00e1s de 60 alumnos, as\u00ed como profesores de diferentes departamentos. Las palabras ondearon de manera ininterrumpida durante m\u00e1s de cinco horas y tuvimos una jornada llena de contenidos muy interesantes. Dar la enhorabuena a todos los participantes. Gracias por vuestra implicaci\u00f3n y por hacer de este d\u00eda un D\u00cdA DE PURA RADIO.  Pod\u00e9is escucharlo pinchando en el siguiente enlace:<\/p>\n\n\n\n<p><a href=\"https:\/\/drive.google.com\/file\/d\/1SccR-EPmYwidnhEnoiP2kQHdjSTeY3wr\/view?usp=sharing\">https:\/\/drive.google.com\/file\/d\/1SccR-EPmYwidnhEnoiP2kQHdjSTeY3wr\/view?usp=sharing<\/a><\/p>\n\n\n\n<figure class=\"wp-block-image size-large\"><a href=\"http:\/\/radioluna.iesalbarregas.com\/wp-content\/uploads\/2021\/05\/Maraton-scaled.jpg\"><img loading=\"lazy\" width=\"1024\" height=\"768\" src=\"http:\/\/radioluna.iesalbarregas.com\/wp-content\/uploads\/2021\/05\/Maraton-1024x768.jpg\" alt=\"\" class=\"wp-image-1112\" srcset=\"http:\/\/radioluna.iesalbarregas.com\/wp-content\/uploads\/2021\/05\/Maraton-1024x768.jpg 1024w, http:\/\/radioluna.iesalbarregas.com\/wp-content\/uploads\/2021\/05\/Maraton-300x225.jpg 300w, http:\/\/radioluna.iesalbarregas.com\/wp-content\/uploads\/2021\/05\/Maraton-768x576.jpg 768w, http:\/\/radioluna.iesalbarregas.com\/wp-content\/uploads\/2021\/05\/Maraton-1536x1152.jpg 1536w, http:\/\/radioluna.iesalbarregas.com\/wp-content\/uploads\/2021\/05\/Maraton-2048x1536.jpg 2048w, http:\/\/radioluna.iesalbarregas.com\/wp-content\/uploads\/2021\/05\/Maraton-400x300.jpg 400w\" sizes=\"(max-width: 1024px) 100vw, 1024px\" \/><\/a><\/figure>\n\n\n\n<p><\/p>\n","protected":false},"excerpt":{"rendered":"<p>El viernes 7 de mayo de 2021 se celebr\u00f3 la II Marat\u00f3n de Radio en directo de Radio Luna. Un evento en el que participaron m\u00e1s de 60 alumnos, as\u00ed como profesores de diferentes departamentos. Las palabras ondearon de manera &hellip; <a href=\"http:\/\/radioluna.iesalbarregas.com\/?p=1111\">Sigue leyendo <span class=\"meta-nav\">&rarr;<\/span><\/a><\/p>\n","protected":false},"author":2,"featured_media":0,"comment_status":"closed","ping_status":"closed","sticky":false,"template":"","format":"standard","meta":[],"categories":[9,89],"tags":[87,88,85,50,91,79,84,80,82,86,81,92,83,65],"_links":{"self":[{"href":"http:\/\/radioluna.iesalbarregas.com\/index.php?rest_route=\/wp\/v2\/posts\/1111"}],"collection":[{"href":"http:\/\/radioluna.iesalbarregas.com\/index.php?rest_route=\/wp\/v2\/posts"}],"about":[{"href":"http:\/\/radioluna.iesalbarregas.com\/index.php?rest_route=\/wp\/v2\/types\/post"}],"author":[{"embeddable":true,"href":"http:\/\/radioluna.iesalbarregas.com\/index.php?rest_route=\/wp\/v2\/users\/2"}],"replies":[{"embeddable":true,"href":"http:\/\/radioluna.iesalbarregas.com\/index.php?rest_route=%2Fwp%2Fv2%2Fcomments&post=1111"}],"version-history":[{"count":5,"href":"http:\/\/radioluna.iesalbarregas.com\/index.php?rest_route=\/wp\/v2\/posts\/1111\/revisions"}],"predecessor-version":[{"id":1122,"href":"http:\/\/radioluna.iesalbarregas.com\/index.php?rest_route=\/wp\/v2\/posts\/1111\/revisions\/1122"}],"wp:attachment":[{"href":"http:\/\/radioluna.iesalbarregas.com\/index.php?rest_route=%2Fwp%2Fv2%2Fmedia&parent=1111"}],"wp:term":[{"taxonomy":"category","embeddable":true,"href":"http:\/\/radioluna.iesalbarregas.com\/index.php?rest_route=%2Fwp%2Fv2%2Fcategories&post=1111"},{"taxonomy":"post_tag","embeddable":true,"href":"http:\/\/radioluna.iesalbarregas.com\/index.php?rest_route=%2Fwp%2Fv2%2Ftags&post=1111"}],"curies":[{"name":"wp","href":"https:\/\/api.w.org\/{rel}","templated":true}]}}