{"id":1105,"date":"2021-04-12T11:24:10","date_gmt":"2021-04-12T10:24:10","guid":{"rendered":"http:\/\/radioluna.iesalbarregas.com\/?p=1105"},"modified":"2021-04-12T11:24:10","modified_gmt":"2021-04-12T10:24:10","slug":"entrevista-a-jose-guerra","status":"publish","type":"post","link":"http:\/\/radioluna.iesalbarregas.com\/?p=1105","title":{"rendered":"Entrevista a Jos\u00e9 Guerra."},"content":{"rendered":"\n<p>Roberto Redrejo ha entrevistado al profesor de Filosof\u00eda del IES Albarregas Jos\u00e9 Guerra. Os dejamos con esta entrevista esperando que la disfrut\u00e9is.<\/p>\n\n\n\n<figure class=\"wp-block-audio\"><audio controls src=\"http:\/\/radioluna.iesalbarregas.com\/wp-content\/uploads\/2021\/04\/Roberto-y-Jose-Guerra.mp3\"><\/audio><\/figure>\n\n\n\n<figure class=\"wp-block-image size-large\"><a href=\"http:\/\/radioluna.iesalbarregas.com\/wp-content\/uploads\/2021\/04\/Entrevista-Jose-Guerra-2-scaled.jpg\"><img loading=\"lazy\" width=\"1024\" height=\"768\" src=\"http:\/\/radioluna.iesalbarregas.com\/wp-content\/uploads\/2021\/04\/Entrevista-Jose-Guerra-2-1024x768.jpg\" alt=\"\" class=\"wp-image-1107\" srcset=\"http:\/\/radioluna.iesalbarregas.com\/wp-content\/uploads\/2021\/04\/Entrevista-Jose-Guerra-2-1024x768.jpg 1024w, http:\/\/radioluna.iesalbarregas.com\/wp-content\/uploads\/2021\/04\/Entrevista-Jose-Guerra-2-300x225.jpg 300w, http:\/\/radioluna.iesalbarregas.com\/wp-content\/uploads\/2021\/04\/Entrevista-Jose-Guerra-2-768x576.jpg 768w, http:\/\/radioluna.iesalbarregas.com\/wp-content\/uploads\/2021\/04\/Entrevista-Jose-Guerra-2-1536x1152.jpg 1536w, http:\/\/radioluna.iesalbarregas.com\/wp-content\/uploads\/2021\/04\/Entrevista-Jose-Guerra-2-2048x1536.jpg 2048w, http:\/\/radioluna.iesalbarregas.com\/wp-content\/uploads\/2021\/04\/Entrevista-Jose-Guerra-2-400x300.jpg 400w\" sizes=\"(max-width: 1024px) 100vw, 1024px\" \/><\/a><figcaption>Jos\u00e9 Guerra, profesor de Filosof\u00eda (Izda.) y Roberto durante la entrevista.<\/figcaption><\/figure>\n","protected":false},"excerpt":{"rendered":"<p>Roberto Redrejo ha entrevistado al profesor de Filosof\u00eda del IES Albarregas Jos\u00e9 Guerra. Os dejamos con esta entrevista esperando que la disfrut\u00e9is.<\/p>\n","protected":false},"author":2,"featured_media":0,"comment_status":"closed","ping_status":"closed","sticky":false,"template":"","format":"standard","meta":[],"categories":[53,9],"tags":[77],"_links":{"self":[{"href":"http:\/\/radioluna.iesalbarregas.com\/index.php?rest_route=\/wp\/v2\/posts\/1105"}],"collection":[{"href":"http:\/\/radioluna.iesalbarregas.com\/index.php?rest_route=\/wp\/v2\/posts"}],"about":[{"href":"http:\/\/radioluna.iesalbarregas.com\/index.php?rest_route=\/wp\/v2\/types\/post"}],"author":[{"embeddable":true,"href":"http:\/\/radioluna.iesalbarregas.com\/index.php?rest_route=\/wp\/v2\/users\/2"}],"replies":[{"embeddable":true,"href":"http:\/\/radioluna.iesalbarregas.com\/index.php?rest_route=%2Fwp%2Fv2%2Fcomments&post=1105"}],"version-history":[{"count":1,"href":"http:\/\/radioluna.iesalbarregas.com\/index.php?rest_route=\/wp\/v2\/posts\/1105\/revisions"}],"predecessor-version":[{"id":1108,"href":"http:\/\/radioluna.iesalbarregas.com\/index.php?rest_route=\/wp\/v2\/posts\/1105\/revisions\/1108"}],"wp:attachment":[{"href":"http:\/\/radioluna.iesalbarregas.com\/index.php?rest_route=%2Fwp%2Fv2%2Fmedia&parent=1105"}],"wp:term":[{"taxonomy":"category","embeddable":true,"href":"http:\/\/radioluna.iesalbarregas.com\/index.php?rest_route=%2Fwp%2Fv2%2Fcategories&post=1105"},{"taxonomy":"post_tag","embeddable":true,"href":"http:\/\/radioluna.iesalbarregas.com\/index.php?rest_route=%2Fwp%2Fv2%2Ftags&post=1105"}],"curies":[{"name":"wp","href":"https:\/\/api.w.org\/{rel}","templated":true}]}}