{"id":1100,"date":"2021-03-27T10:43:02","date_gmt":"2021-03-27T09:43:02","guid":{"rendered":"http:\/\/radioluna.iesalbarregas.com\/?p=1100"},"modified":"2021-03-27T10:47:38","modified_gmt":"2021-03-27T09:47:38","slug":"proyectos-solidarios","status":"publish","type":"post","link":"http:\/\/radioluna.iesalbarregas.com\/?p=1100","title":{"rendered":"Proyectos Solidarios"},"content":{"rendered":"\n<p>En el programa de hoy Lidia Ayuso (2\u00baESO A), Miriam Garc\u00eda (3\u00baE) y Elena Mart\u00ednez (4\u00baC) en representaci\u00f3n de la Red Solidaria de J\u00f3venes del IES Albarregas y Manuel Garc\u00eda, portavoz de la Red de Solidaridad Popular de C\u00e1ceres (RSP) nos hablan de los diferentes proyectos solidarios en los que se encuentran inmersos y de la importancia de la acci\u00f3n solidaria para hacer de este mundo un lugar mejor y m\u00e1s justo. Esperamos que os guste.<\/p>\n\n\n\n<p>*M\u00fasica de cabecera y final: Daniel Mu\u00f1oz.<\/p>\n\n\n\n<figure class=\"wp-block-audio\"><audio controls src=\"http:\/\/radioluna.iesalbarregas.com\/wp-content\/uploads\/2021\/03\/Solidaridad.mp3\"><\/audio><\/figure>\n\n\n\n<figure class=\"wp-block-gallery columns-2 is-cropped\"><ul class=\"blocks-gallery-grid\"><li class=\"blocks-gallery-item\"><figure><a href=\"http:\/\/radioluna.iesalbarregas.com\/wp-content\/uploads\/2021\/03\/Solidaridad-2-1024x768.jpg\"><img loading=\"lazy\" width=\"1024\" height=\"768\" src=\"http:\/\/radioluna.iesalbarregas.com\/wp-content\/uploads\/2021\/03\/Solidaridad-2-1024x768.jpg\" alt=\"\" data-id=\"1102\" data-link=\"http:\/\/radioluna.iesalbarregas.com\/?attachment_id=1102\" class=\"wp-image-1102\" srcset=\"http:\/\/radioluna.iesalbarregas.com\/wp-content\/uploads\/2021\/03\/Solidaridad-2-1024x768.jpg 1024w, http:\/\/radioluna.iesalbarregas.com\/wp-content\/uploads\/2021\/03\/Solidaridad-2-300x225.jpg 300w, http:\/\/radioluna.iesalbarregas.com\/wp-content\/uploads\/2021\/03\/Solidaridad-2-768x576.jpg 768w, http:\/\/radioluna.iesalbarregas.com\/wp-content\/uploads\/2021\/03\/Solidaridad-2-1536x1152.jpg 1536w, http:\/\/radioluna.iesalbarregas.com\/wp-content\/uploads\/2021\/03\/Solidaridad-2-2048x1536.jpg 2048w, http:\/\/radioluna.iesalbarregas.com\/wp-content\/uploads\/2021\/03\/Solidaridad-2-400x300.jpg 400w\" sizes=\"(max-width: 1024px) 100vw, 1024px\" \/><\/a><\/figure><\/li><li class=\"blocks-gallery-item\"><figure><a href=\"http:\/\/radioluna.iesalbarregas.com\/wp-content\/uploads\/2021\/03\/Solidaridad-3-scaled.jpg\"><img loading=\"lazy\" width=\"1024\" height=\"768\" src=\"http:\/\/radioluna.iesalbarregas.com\/wp-content\/uploads\/2021\/03\/Solidaridad-3-1024x768.jpg\" alt=\"\" data-id=\"1103\" data-full-url=\"http:\/\/radioluna.iesalbarregas.com\/wp-content\/uploads\/2021\/03\/Solidaridad-3-scaled.jpg\" data-link=\"http:\/\/radioluna.iesalbarregas.com\/?attachment_id=1103\" class=\"wp-image-1103\" srcset=\"http:\/\/radioluna.iesalbarregas.com\/wp-content\/uploads\/2021\/03\/Solidaridad-3-1024x768.jpg 1024w, http:\/\/radioluna.iesalbarregas.com\/wp-content\/uploads\/2021\/03\/Solidaridad-3-300x225.jpg 300w, http:\/\/radioluna.iesalbarregas.com\/wp-content\/uploads\/2021\/03\/Solidaridad-3-768x576.jpg 768w, http:\/\/radioluna.iesalbarregas.com\/wp-content\/uploads\/2021\/03\/Solidaridad-3-1536x1152.jpg 1536w, http:\/\/radioluna.iesalbarregas.com\/wp-content\/uploads\/2021\/03\/Solidaridad-3-2048x1536.jpg 2048w, http:\/\/radioluna.iesalbarregas.com\/wp-content\/uploads\/2021\/03\/Solidaridad-3-400x300.jpg 400w\" sizes=\"(max-width: 1024px) 100vw, 1024px\" \/><\/a><\/figure><\/li><\/ul><figcaption class=\"blocks-gallery-caption\">De izda. a dcha: Miriam, Manuel, Lidia y Elena en el estudio de Radio Luna.<\/figcaption><\/figure>\n","protected":false},"excerpt":{"rendered":"<p>En el programa de hoy Lidia Ayuso (2\u00baESO A), Miriam Garc\u00eda (3\u00baE) y Elena Mart\u00ednez (4\u00baC) en representaci\u00f3n de la Red Solidaria de J\u00f3venes del IES Albarregas y Manuel Garc\u00eda, portavoz de la Red de Solidaridad Popular de C\u00e1ceres (RSP) &hellip; <a href=\"http:\/\/radioluna.iesalbarregas.com\/?p=1100\">Sigue leyendo <span class=\"meta-nav\">&rarr;<\/span><\/a><\/p>\n","protected":false},"author":2,"featured_media":0,"comment_status":"closed","ping_status":"closed","sticky":false,"template":"","format":"standard","meta":[],"categories":[9],"tags":[76,65],"_links":{"self":[{"href":"http:\/\/radioluna.iesalbarregas.com\/index.php?rest_route=\/wp\/v2\/posts\/1100"}],"collection":[{"href":"http:\/\/radioluna.iesalbarregas.com\/index.php?rest_route=\/wp\/v2\/posts"}],"about":[{"href":"http:\/\/radioluna.iesalbarregas.com\/index.php?rest_route=\/wp\/v2\/types\/post"}],"author":[{"embeddable":true,"href":"http:\/\/radioluna.iesalbarregas.com\/index.php?rest_route=\/wp\/v2\/users\/2"}],"replies":[{"embeddable":true,"href":"http:\/\/radioluna.iesalbarregas.com\/index.php?rest_route=%2Fwp%2Fv2%2Fcomments&post=1100"}],"version-history":[{"count":1,"href":"http:\/\/radioluna.iesalbarregas.com\/index.php?rest_route=\/wp\/v2\/posts\/1100\/revisions"}],"predecessor-version":[{"id":1104,"href":"http:\/\/radioluna.iesalbarregas.com\/index.php?rest_route=\/wp\/v2\/posts\/1100\/revisions\/1104"}],"wp:attachment":[{"href":"http:\/\/radioluna.iesalbarregas.com\/index.php?rest_route=%2Fwp%2Fv2%2Fmedia&parent=1100"}],"wp:term":[{"taxonomy":"category","embeddable":true,"href":"http:\/\/radioluna.iesalbarregas.com\/index.php?rest_route=%2Fwp%2Fv2%2Fcategories&post=1100"},{"taxonomy":"post_tag","embeddable":true,"href":"http:\/\/radioluna.iesalbarregas.com\/index.php?rest_route=%2Fwp%2Fv2%2Ftags&post=1100"}],"curies":[{"name":"wp","href":"https:\/\/api.w.org\/{rel}","templated":true}]}}