{"id":1093,"date":"2021-03-26T13:10:04","date_gmt":"2021-03-26T12:10:04","guid":{"rendered":"http:\/\/radioluna.iesalbarregas.com\/?p=1093"},"modified":"2021-03-26T13:35:20","modified_gmt":"2021-03-26T12:35:20","slug":"reflexiones-de-un-ano-de-pandemia","status":"publish","type":"post","link":"http:\/\/radioluna.iesalbarregas.com\/?p=1093","title":{"rendered":"Reflexiones tras un a\u00f1o de pandemia."},"content":{"rendered":"\n<p>En el programa de hoy, Roberto Redrejo de 1\u00ba Bach D y Sabrina Bola de 1\u00ba Bach E han charlado sobre  c\u00f3mo est\u00e1n llevando el d\u00eda a d\u00eda en este a\u00f1o de pandemia: confinamientos, clases online, fake news,&#8230; En la grabaci\u00f3n del programa han estado presentes los profesores en pr\u00e1cticas del MUFPES Laura Carroza y Pablo de la Cruz. Esperamos que disfrut\u00e9is del programa.<\/p>\n\n\n\n<p>M\u00fasica de cabecera y final compuesta por Daniel Rodr\u00edguez, profesor de M\u00fasica y Secretario del IES Albarregas.<\/p>\n\n\n\n<figure class=\"wp-block-audio\"><audio controls src=\"http:\/\/radioluna.iesalbarregas.com\/wp-content\/uploads\/2021\/03\/Roerto-Redrejo-y-Sabrina.mp3\"><\/audio><\/figure>\n\n\n\n<figure class=\"wp-block-image size-large\"><a href=\"http:\/\/radioluna.iesalbarregas.com\/wp-content\/uploads\/2021\/03\/Roberto-scaled.jpg\"><img loading=\"lazy\" width=\"1024\" height=\"768\" src=\"http:\/\/radioluna.iesalbarregas.com\/wp-content\/uploads\/2021\/03\/Roberto-1024x768.jpg\" alt=\"\" class=\"wp-image-1095\" srcset=\"http:\/\/radioluna.iesalbarregas.com\/wp-content\/uploads\/2021\/03\/Roberto-1024x768.jpg 1024w, http:\/\/radioluna.iesalbarregas.com\/wp-content\/uploads\/2021\/03\/Roberto-300x225.jpg 300w, http:\/\/radioluna.iesalbarregas.com\/wp-content\/uploads\/2021\/03\/Roberto-768x576.jpg 768w, http:\/\/radioluna.iesalbarregas.com\/wp-content\/uploads\/2021\/03\/Roberto-1536x1152.jpg 1536w, http:\/\/radioluna.iesalbarregas.com\/wp-content\/uploads\/2021\/03\/Roberto-2048x1536.jpg 2048w, http:\/\/radioluna.iesalbarregas.com\/wp-content\/uploads\/2021\/03\/Roberto-400x300.jpg 400w\" sizes=\"(max-width: 1024px) 100vw, 1024px\" \/><\/a><\/figure>\n","protected":false},"excerpt":{"rendered":"<p>En el programa de hoy, Roberto Redrejo de 1\u00ba Bach D y Sabrina Bola de 1\u00ba Bach E han charlado sobre c\u00f3mo est\u00e1n llevando el d\u00eda a d\u00eda en este a\u00f1o de pandemia: confinamientos, clases online, fake news,&#8230; En la &hellip; <a href=\"http:\/\/radioluna.iesalbarregas.com\/?p=1093\">Sigue leyendo <span class=\"meta-nav\">&rarr;<\/span><\/a><\/p>\n","protected":false},"author":2,"featured_media":0,"comment_status":"closed","ping_status":"closed","sticky":false,"template":"","format":"standard","meta":[],"categories":[9],"tags":[65],"_links":{"self":[{"href":"http:\/\/radioluna.iesalbarregas.com\/index.php?rest_route=\/wp\/v2\/posts\/1093"}],"collection":[{"href":"http:\/\/radioluna.iesalbarregas.com\/index.php?rest_route=\/wp\/v2\/posts"}],"about":[{"href":"http:\/\/radioluna.iesalbarregas.com\/index.php?rest_route=\/wp\/v2\/types\/post"}],"author":[{"embeddable":true,"href":"http:\/\/radioluna.iesalbarregas.com\/index.php?rest_route=\/wp\/v2\/users\/2"}],"replies":[{"embeddable":true,"href":"http:\/\/radioluna.iesalbarregas.com\/index.php?rest_route=%2Fwp%2Fv2%2Fcomments&post=1093"}],"version-history":[{"count":3,"href":"http:\/\/radioluna.iesalbarregas.com\/index.php?rest_route=\/wp\/v2\/posts\/1093\/revisions"}],"predecessor-version":[{"id":1099,"href":"http:\/\/radioluna.iesalbarregas.com\/index.php?rest_route=\/wp\/v2\/posts\/1093\/revisions\/1099"}],"wp:attachment":[{"href":"http:\/\/radioluna.iesalbarregas.com\/index.php?rest_route=%2Fwp%2Fv2%2Fmedia&parent=1093"}],"wp:term":[{"taxonomy":"category","embeddable":true,"href":"http:\/\/radioluna.iesalbarregas.com\/index.php?rest_route=%2Fwp%2Fv2%2Fcategories&post=1093"},{"taxonomy":"post_tag","embeddable":true,"href":"http:\/\/radioluna.iesalbarregas.com\/index.php?rest_route=%2Fwp%2Fv2%2Ftags&post=1093"}],"curies":[{"name":"wp","href":"https:\/\/api.w.org\/{rel}","templated":true}]}}