{"id":1061,"date":"2021-03-17T12:58:25","date_gmt":"2021-03-17T11:58:25","guid":{"rendered":"http:\/\/radioluna.iesalbarregas.com\/?p=1061"},"modified":"2021-03-17T12:58:25","modified_gmt":"2021-03-17T11:58:25","slug":"zombie-the-cranberries","status":"publish","type":"post","link":"http:\/\/radioluna.iesalbarregas.com\/?p=1061","title":{"rendered":"Zombie (The Cranberries)"},"content":{"rendered":"\n<p>Hoy 17 de marzo, d\u00eda de San Patricio, patr\u00f3n de Irlanda, os ofrecemos una nueva entrega en <em>Behind a Song<\/em>. Claudia Joaquina, de 3\u00baE nos cuenta la historia de esta c\u00e9lebre canci\u00f3n de la banda irlandesa <em>The Cranberries<\/em>, Zombie. Una canci\u00f3n que ya forma parte de la historia y que se convirti\u00f3 en un himno mundial en contra de la violencia, el sectarismo y la sinraz\u00f3n. Esperamos que disfrut\u00e9is del programa.<\/p>\n\n\n\n<figure class=\"wp-block-audio\"><audio controls src=\"http:\/\/radioluna.iesalbarregas.com\/wp-content\/uploads\/2021\/03\/Zombie-Claudia-J-3oE.mp3\"><\/audio><\/figure>\n\n\n\n<figure class=\"wp-block-gallery columns-2 is-cropped\"><ul class=\"blocks-gallery-grid\"><li class=\"blocks-gallery-item\"><figure><a href=\"http:\/\/radioluna.iesalbarregas.com\/wp-content\/uploads\/2021\/03\/CJ-1024x768.jpg\"><img loading=\"lazy\" width=\"1024\" height=\"768\" src=\"http:\/\/radioluna.iesalbarregas.com\/wp-content\/uploads\/2021\/03\/CJ-1024x768.jpg\" alt=\"\" data-id=\"1063\" data-link=\"http:\/\/radioluna.iesalbarregas.com\/?attachment_id=1063\" class=\"wp-image-1063\" srcset=\"http:\/\/radioluna.iesalbarregas.com\/wp-content\/uploads\/2021\/03\/CJ-1024x768.jpg 1024w, http:\/\/radioluna.iesalbarregas.com\/wp-content\/uploads\/2021\/03\/CJ-300x225.jpg 300w, http:\/\/radioluna.iesalbarregas.com\/wp-content\/uploads\/2021\/03\/CJ-768x576.jpg 768w, http:\/\/radioluna.iesalbarregas.com\/wp-content\/uploads\/2021\/03\/CJ-1536x1152.jpg 1536w, http:\/\/radioluna.iesalbarregas.com\/wp-content\/uploads\/2021\/03\/CJ-2048x1536.jpg 2048w, http:\/\/radioluna.iesalbarregas.com\/wp-content\/uploads\/2021\/03\/CJ-400x300.jpg 400w\" sizes=\"(max-width: 1024px) 100vw, 1024px\" \/><\/a><\/figure><\/li><li class=\"blocks-gallery-item\"><figure><a href=\"http:\/\/radioluna.iesalbarregas.com\/wp-content\/uploads\/2021\/03\/zombie-1.jpg\"><img loading=\"lazy\" width=\"509\" height=\"729\" src=\"http:\/\/radioluna.iesalbarregas.com\/wp-content\/uploads\/2021\/03\/zombie-1.jpg\" alt=\"\" data-id=\"1065\" data-full-url=\"http:\/\/radioluna.iesalbarregas.com\/wp-content\/uploads\/2021\/03\/zombie-1.jpg\" data-link=\"http:\/\/radioluna.iesalbarregas.com\/?attachment_id=1065\" class=\"wp-image-1065\" srcset=\"http:\/\/radioluna.iesalbarregas.com\/wp-content\/uploads\/2021\/03\/zombie-1.jpg 509w, http:\/\/radioluna.iesalbarregas.com\/wp-content\/uploads\/2021\/03\/zombie-1-209x300.jpg 209w\" sizes=\"(max-width: 509px) 100vw, 509px\" \/><\/a><\/figure><\/li><\/ul><\/figure>\n","protected":false},"excerpt":{"rendered":"<p>Hoy 17 de marzo, d\u00eda de San Patricio, patr\u00f3n de Irlanda, os ofrecemos una nueva entrega en Behind a Song. Claudia Joaquina, de 3\u00baE nos cuenta la historia de esta c\u00e9lebre canci\u00f3n de la banda irlandesa The Cranberries, Zombie. Una &hellip; <a href=\"http:\/\/radioluna.iesalbarregas.com\/?p=1061\">Sigue leyendo <span class=\"meta-nav\">&rarr;<\/span><\/a><\/p>\n","protected":false},"author":2,"featured_media":0,"comment_status":"closed","ping_status":"closed","sticky":false,"template":"","format":"standard","meta":[],"categories":[75,52,9],"tags":[55,65],"_links":{"self":[{"href":"http:\/\/radioluna.iesalbarregas.com\/index.php?rest_route=\/wp\/v2\/posts\/1061"}],"collection":[{"href":"http:\/\/radioluna.iesalbarregas.com\/index.php?rest_route=\/wp\/v2\/posts"}],"about":[{"href":"http:\/\/radioluna.iesalbarregas.com\/index.php?rest_route=\/wp\/v2\/types\/post"}],"author":[{"embeddable":true,"href":"http:\/\/radioluna.iesalbarregas.com\/index.php?rest_route=\/wp\/v2\/users\/2"}],"replies":[{"embeddable":true,"href":"http:\/\/radioluna.iesalbarregas.com\/index.php?rest_route=%2Fwp%2Fv2%2Fcomments&post=1061"}],"version-history":[{"count":1,"href":"http:\/\/radioluna.iesalbarregas.com\/index.php?rest_route=\/wp\/v2\/posts\/1061\/revisions"}],"predecessor-version":[{"id":1066,"href":"http:\/\/radioluna.iesalbarregas.com\/index.php?rest_route=\/wp\/v2\/posts\/1061\/revisions\/1066"}],"wp:attachment":[{"href":"http:\/\/radioluna.iesalbarregas.com\/index.php?rest_route=%2Fwp%2Fv2%2Fmedia&parent=1061"}],"wp:term":[{"taxonomy":"category","embeddable":true,"href":"http:\/\/radioluna.iesalbarregas.com\/index.php?rest_route=%2Fwp%2Fv2%2Fcategories&post=1061"},{"taxonomy":"post_tag","embeddable":true,"href":"http:\/\/radioluna.iesalbarregas.com\/index.php?rest_route=%2Fwp%2Fv2%2Ftags&post=1061"}],"curies":[{"name":"wp","href":"https:\/\/api.w.org\/{rel}","templated":true}]}}