{"id":1046,"date":"2021-03-09T13:24:06","date_gmt":"2021-03-09T12:24:06","guid":{"rendered":"http:\/\/radioluna.iesalbarregas.com\/?p=1046"},"modified":"2021-03-24T22:24:10","modified_gmt":"2021-03-24T21:24:10","slug":"ni-un-paso-atras-juntas-hacemos-historia","status":"publish","type":"post","link":"http:\/\/radioluna.iesalbarregas.com\/?p=1046","title":{"rendered":"Ni un paso atr\u00e1s: Juntas hacemos historia."},"content":{"rendered":"\n<figure class=\"wp-block-audio\"><audio controls src=\"http:\/\/radioluna.iesalbarregas.com\/wp-content\/uploads\/2021\/03\/Programa1.mp3\"><\/audio><\/figure>\n\n\n\n<figure class=\"wp-block-image size-large is-resized is-style-default\"><a href=\"http:\/\/radioluna.iesalbarregas.com\/wp-content\/uploads\/2021\/03\/IMG_20210219_110740-scaled.jpg\"><img loading=\"lazy\" src=\"http:\/\/radioluna.iesalbarregas.com\/wp-content\/uploads\/2021\/03\/IMG_20210219_110740-1024x768.jpg\" alt=\"\" class=\"wp-image-1047\" width=\"603\" height=\"452\" srcset=\"http:\/\/radioluna.iesalbarregas.com\/wp-content\/uploads\/2021\/03\/IMG_20210219_110740-1024x768.jpg 1024w, http:\/\/radioluna.iesalbarregas.com\/wp-content\/uploads\/2021\/03\/IMG_20210219_110740-300x225.jpg 300w, http:\/\/radioluna.iesalbarregas.com\/wp-content\/uploads\/2021\/03\/IMG_20210219_110740-768x576.jpg 768w, http:\/\/radioluna.iesalbarregas.com\/wp-content\/uploads\/2021\/03\/IMG_20210219_110740-1536x1152.jpg 1536w, http:\/\/radioluna.iesalbarregas.com\/wp-content\/uploads\/2021\/03\/IMG_20210219_110740-2048x1536.jpg 2048w, http:\/\/radioluna.iesalbarregas.com\/wp-content\/uploads\/2021\/03\/IMG_20210219_110740-400x300.jpg 400w\" sizes=\"(max-width: 603px) 100vw, 603px\" \/><\/a><\/figure>\n\n\n\n<figure class=\"wp-block-image size-large\"><a href=\"http:\/\/radioluna.iesalbarregas.com\/wp-content\/uploads\/2021\/03\/IMG_20210219_110722-scaled.jpg\"><img loading=\"lazy\" width=\"1024\" height=\"768\" src=\"http:\/\/radioluna.iesalbarregas.com\/wp-content\/uploads\/2021\/03\/IMG_20210219_110722-1024x768.jpg\" alt=\"\" class=\"wp-image-1048\" srcset=\"http:\/\/radioluna.iesalbarregas.com\/wp-content\/uploads\/2021\/03\/IMG_20210219_110722-1024x768.jpg 1024w, http:\/\/radioluna.iesalbarregas.com\/wp-content\/uploads\/2021\/03\/IMG_20210219_110722-300x225.jpg 300w, http:\/\/radioluna.iesalbarregas.com\/wp-content\/uploads\/2021\/03\/IMG_20210219_110722-768x576.jpg 768w, http:\/\/radioluna.iesalbarregas.com\/wp-content\/uploads\/2021\/03\/IMG_20210219_110722-1536x1152.jpg 1536w, http:\/\/radioluna.iesalbarregas.com\/wp-content\/uploads\/2021\/03\/IMG_20210219_110722-2048x1536.jpg 2048w, http:\/\/radioluna.iesalbarregas.com\/wp-content\/uploads\/2021\/03\/IMG_20210219_110722-400x300.jpg 400w\" sizes=\"(max-width: 1024px) 100vw, 1024px\" \/><\/a><\/figure>\n\n\n\n<p class=\"has-text-align-left\">     Os damos la bienvenida al primer programa de \u00abMujeres Cient\u00edficas\u00bb del curso 2020-2021 desde el IES Albarregas, donde la alumna Lidia Ayuso (de 2\u00ba ESO A) nos habla de la vida de una cient\u00edfica de la \u00e9poca, as\u00ed como de las barreras que se encontr\u00f3 en su d\u00eda a d\u00eda y por lo que luch\u00f3. <\/p>\n\n\n\n<p class=\"has-text-align-left\">     Y estando tan reciente el D\u00eda Internacional de la Mujer, hagamos eco de sus palabras y reconozcamos todo lo que las mujeres han aportado a lo largo de los a\u00f1os en la Ciencia y del lugar que se les ha dado en ella. Hag\u00e1moslas sentir merecedoras de premios al igual que han recibido durante tantos a\u00f1os los hombres. <\/p>\n\n\n\n<p class=\"has-text-align-left\">     Espero que os guste el programa.   <\/p>\n","protected":false},"excerpt":{"rendered":"<p>Os damos la bienvenida al primer programa de \u00abMujeres Cient\u00edficas\u00bb del curso 2020-2021 desde el IES Albarregas, donde la alumna Lidia Ayuso (de 2\u00ba ESO A) nos habla de la vida de una cient\u00edfica de la \u00e9poca, as\u00ed como de &hellip; <a href=\"http:\/\/radioluna.iesalbarregas.com\/?p=1046\">Sigue leyendo <span class=\"meta-nav\">&rarr;<\/span><\/a><\/p>\n","protected":false},"author":3,"featured_media":1051,"comment_status":"closed","ping_status":"closed","sticky":false,"template":"","format":"standard","meta":[],"categories":[9],"tags":[74],"_links":{"self":[{"href":"http:\/\/radioluna.iesalbarregas.com\/index.php?rest_route=\/wp\/v2\/posts\/1046"}],"collection":[{"href":"http:\/\/radioluna.iesalbarregas.com\/index.php?rest_route=\/wp\/v2\/posts"}],"about":[{"href":"http:\/\/radioluna.iesalbarregas.com\/index.php?rest_route=\/wp\/v2\/types\/post"}],"author":[{"embeddable":true,"href":"http:\/\/radioluna.iesalbarregas.com\/index.php?rest_route=\/wp\/v2\/users\/3"}],"replies":[{"embeddable":true,"href":"http:\/\/radioluna.iesalbarregas.com\/index.php?rest_route=%2Fwp%2Fv2%2Fcomments&post=1046"}],"version-history":[{"count":3,"href":"http:\/\/radioluna.iesalbarregas.com\/index.php?rest_route=\/wp\/v2\/posts\/1046\/revisions"}],"predecessor-version":[{"id":1087,"href":"http:\/\/radioluna.iesalbarregas.com\/index.php?rest_route=\/wp\/v2\/posts\/1046\/revisions\/1087"}],"wp:featuredmedia":[{"embeddable":true,"href":"http:\/\/radioluna.iesalbarregas.com\/index.php?rest_route=\/wp\/v2\/media\/1051"}],"wp:attachment":[{"href":"http:\/\/radioluna.iesalbarregas.com\/index.php?rest_route=%2Fwp%2Fv2%2Fmedia&parent=1046"}],"wp:term":[{"taxonomy":"category","embeddable":true,"href":"http:\/\/radioluna.iesalbarregas.com\/index.php?rest_route=%2Fwp%2Fv2%2Fcategories&post=1046"},{"taxonomy":"post_tag","embeddable":true,"href":"http:\/\/radioluna.iesalbarregas.com\/index.php?rest_route=%2Fwp%2Fv2%2Ftags&post=1046"}],"curies":[{"name":"wp","href":"https:\/\/api.w.org\/{rel}","templated":true}]}}