{"id":1039,"date":"2021-03-08T12:37:20","date_gmt":"2021-03-08T11:37:20","guid":{"rendered":"http:\/\/radioluna.iesalbarregas.com\/?p=1039"},"modified":"2021-03-08T12:39:52","modified_gmt":"2021-03-08T11:39:52","slug":"8m-dia-de-la-mujer","status":"publish","type":"post","link":"http:\/\/radioluna.iesalbarregas.com\/?p=1039","title":{"rendered":"8M: D\u00eda de la Mujer."},"content":{"rendered":"\n<p>Hoy 8 de marzo, D\u00eda de la Mujer, en Radio Luna hablamos sobre la importancia de este d\u00eda. Claudia Gragera, Claudia Chancl\u00f3n, Luzma Oviedo y Ant\u00f3n Loredo de 4\u00baC han pasado por el estudio de radio para compartir sus impresiones, debatir y recordarnos que, a pesar de los avances en igualdad entre hombres y mujeres, a\u00fan nos queda camino por recorrer. Ser feminista es defender la igualdad entre mujeres y hombres y es por eso que todos debemos ser feministas.<\/p>\n\n\n\n<p>*M\u00fasica:<em>Renaissance<\/em> de Emily Richards<\/p>\n\n\n\n<figure class=\"wp-block-audio\"><audio controls src=\"http:\/\/radioluna.iesalbarregas.com\/wp-content\/uploads\/2021\/03\/8M-2021.mp3\"><\/audio><\/figure>\n\n\n\n<figure class=\"wp-block-gallery columns-2 is-cropped\"><ul class=\"blocks-gallery-grid\"><li class=\"blocks-gallery-item\"><figure><a href=\"http:\/\/radioluna.iesalbarregas.com\/wp-content\/uploads\/2021\/03\/8m.jpeg\"><img loading=\"lazy\" width=\"298\" height=\"169\" src=\"http:\/\/radioluna.iesalbarregas.com\/wp-content\/uploads\/2021\/03\/8m.jpeg\" alt=\"\" data-id=\"1040\" data-link=\"http:\/\/radioluna.iesalbarregas.com\/?attachment_id=1040\" class=\"wp-image-1040\"\/><\/a><\/figure><\/li><li class=\"blocks-gallery-item\"><figure><a href=\"http:\/\/radioluna.iesalbarregas.com\/wp-content\/uploads\/2021\/03\/8M-scaled.jpg\"><img loading=\"lazy\" width=\"1024\" height=\"768\" src=\"http:\/\/radioluna.iesalbarregas.com\/wp-content\/uploads\/2021\/03\/8M-1024x768.jpg\" alt=\"\" data-id=\"1042\" data-full-url=\"http:\/\/radioluna.iesalbarregas.com\/wp-content\/uploads\/2021\/03\/8M-scaled.jpg\" data-link=\"http:\/\/radioluna.iesalbarregas.com\/?attachment_id=1042\" class=\"wp-image-1042\" srcset=\"http:\/\/radioluna.iesalbarregas.com\/wp-content\/uploads\/2021\/03\/8M-1024x768.jpg 1024w, http:\/\/radioluna.iesalbarregas.com\/wp-content\/uploads\/2021\/03\/8M-300x225.jpg 300w, http:\/\/radioluna.iesalbarregas.com\/wp-content\/uploads\/2021\/03\/8M-768x576.jpg 768w, http:\/\/radioluna.iesalbarregas.com\/wp-content\/uploads\/2021\/03\/8M-1536x1152.jpg 1536w, http:\/\/radioluna.iesalbarregas.com\/wp-content\/uploads\/2021\/03\/8M-2048x1536.jpg 2048w, http:\/\/radioluna.iesalbarregas.com\/wp-content\/uploads\/2021\/03\/8M-400x300.jpg 400w\" sizes=\"(max-width: 1024px) 100vw, 1024px\" \/><\/a><\/figure><\/li><\/ul><\/figure>\n","protected":false},"excerpt":{"rendered":"<p>Hoy 8 de marzo, D\u00eda de la Mujer, en Radio Luna hablamos sobre la importancia de este d\u00eda. Claudia Gragera, Claudia Chancl\u00f3n, Luzma Oviedo y Ant\u00f3n Loredo de 4\u00baC han pasado por el estudio de radio para compartir sus impresiones, &hellip; <a href=\"http:\/\/radioluna.iesalbarregas.com\/?p=1039\">Sigue leyendo <span class=\"meta-nav\">&rarr;<\/span><\/a><\/p>\n","protected":false},"author":2,"featured_media":0,"comment_status":"closed","ping_status":"closed","sticky":false,"template":"","format":"standard","meta":[],"categories":[9],"tags":[65],"_links":{"self":[{"href":"http:\/\/radioluna.iesalbarregas.com\/index.php?rest_route=\/wp\/v2\/posts\/1039"}],"collection":[{"href":"http:\/\/radioluna.iesalbarregas.com\/index.php?rest_route=\/wp\/v2\/posts"}],"about":[{"href":"http:\/\/radioluna.iesalbarregas.com\/index.php?rest_route=\/wp\/v2\/types\/post"}],"author":[{"embeddable":true,"href":"http:\/\/radioluna.iesalbarregas.com\/index.php?rest_route=\/wp\/v2\/users\/2"}],"replies":[{"embeddable":true,"href":"http:\/\/radioluna.iesalbarregas.com\/index.php?rest_route=%2Fwp%2Fv2%2Fcomments&post=1039"}],"version-history":[{"count":2,"href":"http:\/\/radioluna.iesalbarregas.com\/index.php?rest_route=\/wp\/v2\/posts\/1039\/revisions"}],"predecessor-version":[{"id":1044,"href":"http:\/\/radioluna.iesalbarregas.com\/index.php?rest_route=\/wp\/v2\/posts\/1039\/revisions\/1044"}],"wp:attachment":[{"href":"http:\/\/radioluna.iesalbarregas.com\/index.php?rest_route=%2Fwp%2Fv2%2Fmedia&parent=1039"}],"wp:term":[{"taxonomy":"category","embeddable":true,"href":"http:\/\/radioluna.iesalbarregas.com\/index.php?rest_route=%2Fwp%2Fv2%2Fcategories&post=1039"},{"taxonomy":"post_tag","embeddable":true,"href":"http:\/\/radioluna.iesalbarregas.com\/index.php?rest_route=%2Fwp%2Fv2%2Ftags&post=1039"}],"curies":[{"name":"wp","href":"https:\/\/api.w.org\/{rel}","templated":true}]}}