{"id":1023,"date":"2021-02-23T11:53:33","date_gmt":"2021-02-23T10:53:33","guid":{"rendered":"http:\/\/radioluna.iesalbarregas.com\/?p=1023"},"modified":"2021-02-23T11:56:42","modified_gmt":"2021-02-23T10:56:42","slug":"club-de-lectura-el-chico-de-la-flecha","status":"publish","type":"post","link":"http:\/\/radioluna.iesalbarregas.com\/?p=1023","title":{"rendered":"Club de Lectura: El Chico de la Flecha."},"content":{"rendered":"\n<p><br>Hoy estrenamos nueva secci\u00f3n: Club de Lectura. Otro de los proyectos presentes en el IES Albarregas es Librarium, &nbsp;la biblioteca digital&nbsp;que&nbsp;la Consejer\u00eda de Educaci\u00f3n y Empleo de la Junta de Extremadura y el Fondo Europeo de Desarrollo Regional (EDER), ponen a disposici\u00f3n de las bibliotecas escolares de los centros educativos extreme\u00f1os para fomentar la lectura. Inauguran esta nueva secci\u00f3n de Radio Luna, Club de Lectura, Paula Manzano, Dar\u00edo Mart\u00edn y Mario Moreno de 1\u00ba ESO C quienes nos cuentan el proyecto que est\u00e1n realizando en sus clases de Geograf\u00eda e Historia con su profesora Lola S\u00e1nchez. A trav\u00e9s de su club de lectura Librarium y&nbsp; del libro <em>\u00abEl Chico de la Flecha\u00bb<\/em> est\u00e1n conociendo el origen, etapas, sociedad,&#8230;de Roma. Pero no os adelantamos nada m\u00e1s, escuchadlo y disfrutad.&nbsp;<\/p>\n\n\n\n<p>Os dejamos el enlace a Librarium: <a href=\"https:\/\/librarium.educarex.es\/\" target=\"_blank\" rel=\"noreferrer noopener\">https:\/\/librarium.educarex.es\/<\/a><\/p>\n\n\n\n<figure class=\"wp-block-audio\"><audio controls src=\"http:\/\/radioluna.iesalbarregas.com\/wp-content\/uploads\/2021\/02\/Librarium-1oC.mp3\"><\/audio><\/figure>\n\n\n\n<figure class=\"wp-block-gallery columns-2 is-cropped\"><ul class=\"blocks-gallery-grid\"><li class=\"blocks-gallery-item\"><figure><a href=\"http:\/\/radioluna.iesalbarregas.com\/wp-content\/uploads\/2021\/02\/1613993557280-1024x768.jpg\"><img loading=\"lazy\" width=\"1024\" height=\"768\" src=\"http:\/\/radioluna.iesalbarregas.com\/wp-content\/uploads\/2021\/02\/1613993557280-1024x768.jpg\" alt=\"\" data-id=\"1025\" data-link=\"http:\/\/radioluna.iesalbarregas.com\/?attachment_id=1025\" class=\"wp-image-1025\" srcset=\"http:\/\/radioluna.iesalbarregas.com\/wp-content\/uploads\/2021\/02\/1613993557280-1024x768.jpg 1024w, http:\/\/radioluna.iesalbarregas.com\/wp-content\/uploads\/2021\/02\/1613993557280-300x225.jpg 300w, http:\/\/radioluna.iesalbarregas.com\/wp-content\/uploads\/2021\/02\/1613993557280-768x576.jpg 768w, http:\/\/radioluna.iesalbarregas.com\/wp-content\/uploads\/2021\/02\/1613993557280-1536x1152.jpg 1536w, http:\/\/radioluna.iesalbarregas.com\/wp-content\/uploads\/2021\/02\/1613993557280-2048x1536.jpg 2048w, http:\/\/radioluna.iesalbarregas.com\/wp-content\/uploads\/2021\/02\/1613993557280-400x300.jpg 400w\" sizes=\"(max-width: 1024px) 100vw, 1024px\" \/><\/a><\/figure><\/li><li class=\"blocks-gallery-item\"><figure><a href=\"http:\/\/radioluna.iesalbarregas.com\/wp-content\/uploads\/2021\/02\/librarium.png\"><img loading=\"lazy\" width=\"259\" height=\"194\" src=\"http:\/\/radioluna.iesalbarregas.com\/wp-content\/uploads\/2021\/02\/librarium.png\" alt=\"\" data-id=\"1026\" data-full-url=\"http:\/\/radioluna.iesalbarregas.com\/wp-content\/uploads\/2021\/02\/librarium.png\" data-link=\"http:\/\/radioluna.iesalbarregas.com\/?attachment_id=1026\" class=\"wp-image-1026\"\/><\/a><\/figure><\/li><\/ul><\/figure>\n\n\n\n<p><\/p>\n","protected":false},"excerpt":{"rendered":"<p>Hoy estrenamos nueva secci\u00f3n: Club de Lectura. Otro de los proyectos presentes en el IES Albarregas es Librarium, &nbsp;la biblioteca digital&nbsp;que&nbsp;la Consejer\u00eda de Educaci\u00f3n y Empleo de la Junta de Extremadura y el Fondo Europeo de Desarrollo Regional (EDER), ponen &hellip; <a href=\"http:\/\/radioluna.iesalbarregas.com\/?p=1023\">Sigue leyendo <span class=\"meta-nav\">&rarr;<\/span><\/a><\/p>\n","protected":false},"author":2,"featured_media":0,"comment_status":"closed","ping_status":"closed","sticky":false,"template":"","format":"standard","meta":[],"categories":[73,9],"tags":[68],"_links":{"self":[{"href":"http:\/\/radioluna.iesalbarregas.com\/index.php?rest_route=\/wp\/v2\/posts\/1023"}],"collection":[{"href":"http:\/\/radioluna.iesalbarregas.com\/index.php?rest_route=\/wp\/v2\/posts"}],"about":[{"href":"http:\/\/radioluna.iesalbarregas.com\/index.php?rest_route=\/wp\/v2\/types\/post"}],"author":[{"embeddable":true,"href":"http:\/\/radioluna.iesalbarregas.com\/index.php?rest_route=\/wp\/v2\/users\/2"}],"replies":[{"embeddable":true,"href":"http:\/\/radioluna.iesalbarregas.com\/index.php?rest_route=%2Fwp%2Fv2%2Fcomments&post=1023"}],"version-history":[{"count":2,"href":"http:\/\/radioluna.iesalbarregas.com\/index.php?rest_route=\/wp\/v2\/posts\/1023\/revisions"}],"predecessor-version":[{"id":1029,"href":"http:\/\/radioluna.iesalbarregas.com\/index.php?rest_route=\/wp\/v2\/posts\/1023\/revisions\/1029"}],"wp:attachment":[{"href":"http:\/\/radioluna.iesalbarregas.com\/index.php?rest_route=%2Fwp%2Fv2%2Fmedia&parent=1023"}],"wp:term":[{"taxonomy":"category","embeddable":true,"href":"http:\/\/radioluna.iesalbarregas.com\/index.php?rest_route=%2Fwp%2Fv2%2Fcategories&post=1023"},{"taxonomy":"post_tag","embeddable":true,"href":"http:\/\/radioluna.iesalbarregas.com\/index.php?rest_route=%2Fwp%2Fv2%2Ftags&post=1023"}],"curies":[{"name":"wp","href":"https:\/\/api.w.org\/{rel}","templated":true}]}}