{"id":1012,"date":"2021-02-02T10:26:43","date_gmt":"2021-02-02T09:26:43","guid":{"rendered":"http:\/\/radioluna.iesalbarregas.com\/?p=1012"},"modified":"2021-02-02T10:26:43","modified_gmt":"2021-02-02T09:26:43","slug":"arte-romanico-en-extremadura","status":"publish","type":"post","link":"http:\/\/radioluna.iesalbarregas.com\/?p=1012","title":{"rendered":"Arte Rom\u00e1nico en Extremadura."},"content":{"rendered":"\n<p>\u00a0En un nuevo cap\u00edtulo de Viaje al Pasado  podremos conocer los restos escult\u00f3ricos y arquitect\u00f3nicos del arte Rom\u00e1nico en Extremadura, as\u00ed como sus caracter\u00edsticas. Lidia Ayuso de 2\u00ba ESO A es la encargada de guiarnos en este Viaje al Pasado, otro fascinante viaje de este trayecto que est\u00e1n realizando los alumnos de 2\u00ba ESO A junto a su profe de Historia Lola S\u00e1nchez. \u00bfEst\u00e1is preparados? \u00a1 Adelante!<\/p>\n\n\n\n<figure class=\"wp-block-audio\"><audio controls src=\"http:\/\/radioluna.iesalbarregas.com\/wp-content\/uploads\/2021\/02\/Arte-Romanico-en-Extremadura.mp3\"><\/audio><\/figure>\n\n\n\n<figure class=\"wp-block-gallery columns-2 is-cropped\"><ul class=\"blocks-gallery-grid\"><li class=\"blocks-gallery-item\"><figure><a href=\"http:\/\/radioluna.iesalbarregas.com\/wp-content\/uploads\/2021\/02\/Romanico-1-766x1024.jpg\"><img loading=\"lazy\" width=\"766\" height=\"1024\" src=\"http:\/\/radioluna.iesalbarregas.com\/wp-content\/uploads\/2021\/02\/Romanico-1-766x1024.jpg\" alt=\"\" data-id=\"1014\" data-link=\"http:\/\/radioluna.iesalbarregas.com\/?attachment_id=1014\" class=\"wp-image-1014\" srcset=\"http:\/\/radioluna.iesalbarregas.com\/wp-content\/uploads\/2021\/02\/Romanico-1-766x1024.jpg 766w, http:\/\/radioluna.iesalbarregas.com\/wp-content\/uploads\/2021\/02\/Romanico-1-224x300.jpg 224w, http:\/\/radioluna.iesalbarregas.com\/wp-content\/uploads\/2021\/02\/Romanico-1-768x1027.jpg 768w, http:\/\/radioluna.iesalbarregas.com\/wp-content\/uploads\/2021\/02\/Romanico-1-1149x1536.jpg 1149w, http:\/\/radioluna.iesalbarregas.com\/wp-content\/uploads\/2021\/02\/Romanico-1.jpg 1532w\" sizes=\"(max-width: 766px) 100vw, 766px\" \/><\/a><\/figure><\/li><li class=\"blocks-gallery-item\"><figure><a href=\"http:\/\/radioluna.iesalbarregas.com\/wp-content\/uploads\/2021\/02\/Romanico-2.jpg\"><img loading=\"lazy\" width=\"766\" height=\"1024\" src=\"http:\/\/radioluna.iesalbarregas.com\/wp-content\/uploads\/2021\/02\/Romanico-2-766x1024.jpg\" alt=\"\" data-id=\"1015\" data-full-url=\"http:\/\/radioluna.iesalbarregas.com\/wp-content\/uploads\/2021\/02\/Romanico-2.jpg\" data-link=\"http:\/\/radioluna.iesalbarregas.com\/?attachment_id=1015\" class=\"wp-image-1015\" srcset=\"http:\/\/radioluna.iesalbarregas.com\/wp-content\/uploads\/2021\/02\/Romanico-2-766x1024.jpg 766w, http:\/\/radioluna.iesalbarregas.com\/wp-content\/uploads\/2021\/02\/Romanico-2-224x300.jpg 224w, http:\/\/radioluna.iesalbarregas.com\/wp-content\/uploads\/2021\/02\/Romanico-2-768x1027.jpg 768w, http:\/\/radioluna.iesalbarregas.com\/wp-content\/uploads\/2021\/02\/Romanico-2-1149x1536.jpg 1149w, http:\/\/radioluna.iesalbarregas.com\/wp-content\/uploads\/2021\/02\/Romanico-2.jpg 1532w\" sizes=\"(max-width: 766px) 100vw, 766px\" \/><\/a><\/figure><\/li><\/ul><figcaption class=\"blocks-gallery-caption\">Lidia Ayuso en la Bas\u00edlica de Santa Eulalia de M\u00e9rida.<\/figcaption><\/figure>\n","protected":false},"excerpt":{"rendered":"<p>\u00a0En un nuevo cap\u00edtulo de Viaje al Pasado podremos conocer los restos escult\u00f3ricos y arquitect\u00f3nicos del arte Rom\u00e1nico en Extremadura, as\u00ed como sus caracter\u00edsticas. Lidia Ayuso de 2\u00ba ESO A es la encargada de guiarnos en este Viaje al Pasado, &hellip; <a href=\"http:\/\/radioluna.iesalbarregas.com\/?p=1012\">Sigue leyendo <span class=\"meta-nav\">&rarr;<\/span><\/a><\/p>\n","protected":false},"author":2,"featured_media":0,"comment_status":"closed","ping_status":"closed","sticky":false,"template":"","format":"standard","meta":[],"categories":[9,60],"tags":[68],"_links":{"self":[{"href":"http:\/\/radioluna.iesalbarregas.com\/index.php?rest_route=\/wp\/v2\/posts\/1012"}],"collection":[{"href":"http:\/\/radioluna.iesalbarregas.com\/index.php?rest_route=\/wp\/v2\/posts"}],"about":[{"href":"http:\/\/radioluna.iesalbarregas.com\/index.php?rest_route=\/wp\/v2\/types\/post"}],"author":[{"embeddable":true,"href":"http:\/\/radioluna.iesalbarregas.com\/index.php?rest_route=\/wp\/v2\/users\/2"}],"replies":[{"embeddable":true,"href":"http:\/\/radioluna.iesalbarregas.com\/index.php?rest_route=%2Fwp%2Fv2%2Fcomments&post=1012"}],"version-history":[{"count":1,"href":"http:\/\/radioluna.iesalbarregas.com\/index.php?rest_route=\/wp\/v2\/posts\/1012\/revisions"}],"predecessor-version":[{"id":1016,"href":"http:\/\/radioluna.iesalbarregas.com\/index.php?rest_route=\/wp\/v2\/posts\/1012\/revisions\/1016"}],"wp:attachment":[{"href":"http:\/\/radioluna.iesalbarregas.com\/index.php?rest_route=%2Fwp%2Fv2%2Fmedia&parent=1012"}],"wp:term":[{"taxonomy":"category","embeddable":true,"href":"http:\/\/radioluna.iesalbarregas.com\/index.php?rest_route=%2Fwp%2Fv2%2Fcategories&post=1012"},{"taxonomy":"post_tag","embeddable":true,"href":"http:\/\/radioluna.iesalbarregas.com\/index.php?rest_route=%2Fwp%2Fv2%2Ftags&post=1012"}],"curies":[{"name":"wp","href":"https:\/\/api.w.org\/{rel}","templated":true}]}}