{"id":1004,"date":"2021-01-18T12:06:39","date_gmt":"2021-01-18T11:06:39","guid":{"rendered":"http:\/\/radioluna.iesalbarregas.com\/?p=1004"},"modified":"2021-01-18T12:08:19","modified_gmt":"2021-01-18T11:08:19","slug":"la-reconquista-cristiana-en-extremadura","status":"publish","type":"post","link":"http:\/\/radioluna.iesalbarregas.com\/?p=1004","title":{"rendered":"La Reconquista Cristiana en Extremadura."},"content":{"rendered":"\n<p>En un nuevo cap\u00edtulo de Viaje al Pasado vamos a poder descubrir c\u00f3mo las tropas cristianas se hicieron con el poder de la Extremadura musulmana, es decir, la Reconquista de Extremadura. La encargada de cont\u00e1rnoslo es Marta Bazaga de 2\u00ba ESO A que desde su casa ha elaborado este interesant\u00edsimo podcast. La actividad est\u00e1 englobada dentro de las actividades de la clase de Historia con la profesora Lola S\u00e1nchez. Esperamos que lo disfrut\u00e9is.<\/p>\n\n\n\n<figure class=\"wp-block-audio\"><audio controls src=\"http:\/\/radioluna.iesalbarregas.com\/wp-content\/uploads\/2021\/01\/Podcast-reconquista.mp3\"><\/audio><\/figure>\n\n\n\n<figure class=\"wp-block-image size-large\"><a href=\"http:\/\/radioluna.iesalbarregas.com\/wp-content\/uploads\/2021\/01\/Marta.jpg\"><img loading=\"lazy\" width=\"1024\" height=\"768\" src=\"http:\/\/radioluna.iesalbarregas.com\/wp-content\/uploads\/2021\/01\/Marta-1024x768.jpg\" alt=\"\" class=\"wp-image-1006\" srcset=\"http:\/\/radioluna.iesalbarregas.com\/wp-content\/uploads\/2021\/01\/Marta-1024x768.jpg 1024w, http:\/\/radioluna.iesalbarregas.com\/wp-content\/uploads\/2021\/01\/Marta-300x225.jpg 300w, http:\/\/radioluna.iesalbarregas.com\/wp-content\/uploads\/2021\/01\/Marta-768x576.jpg 768w, http:\/\/radioluna.iesalbarregas.com\/wp-content\/uploads\/2021\/01\/Marta-1536x1152.jpg 1536w, http:\/\/radioluna.iesalbarregas.com\/wp-content\/uploads\/2021\/01\/Marta-400x300.jpg 400w, http:\/\/radioluna.iesalbarregas.com\/wp-content\/uploads\/2021\/01\/Marta.jpg 2048w\" sizes=\"(max-width: 1024px) 100vw, 1024px\" \/><\/a><figcaption>Marta durante el proceso de grabaci\u00f3n y edici\u00f3n del podcast.<\/figcaption><\/figure>\n\n\n\n<figure class=\"wp-block-image size-large\"><a href=\"http:\/\/radioluna.iesalbarregas.com\/wp-content\/uploads\/2021\/01\/Marta-2.jpg\"><img loading=\"lazy\" width=\"1024\" height=\"768\" src=\"http:\/\/radioluna.iesalbarregas.com\/wp-content\/uploads\/2021\/01\/Marta-2-1024x768.jpg\" alt=\"\" class=\"wp-image-1007\" srcset=\"http:\/\/radioluna.iesalbarregas.com\/wp-content\/uploads\/2021\/01\/Marta-2-1024x768.jpg 1024w, http:\/\/radioluna.iesalbarregas.com\/wp-content\/uploads\/2021\/01\/Marta-2-300x225.jpg 300w, http:\/\/radioluna.iesalbarregas.com\/wp-content\/uploads\/2021\/01\/Marta-2-768x576.jpg 768w, http:\/\/radioluna.iesalbarregas.com\/wp-content\/uploads\/2021\/01\/Marta-2-1536x1152.jpg 1536w, http:\/\/radioluna.iesalbarregas.com\/wp-content\/uploads\/2021\/01\/Marta-2-400x300.jpg 400w, http:\/\/radioluna.iesalbarregas.com\/wp-content\/uploads\/2021\/01\/Marta-2.jpg 2048w\" sizes=\"(max-width: 1024px) 100vw, 1024px\" \/><\/a><\/figure>\n","protected":false},"excerpt":{"rendered":"<p>En un nuevo cap\u00edtulo de Viaje al Pasado vamos a poder descubrir c\u00f3mo las tropas cristianas se hicieron con el poder de la Extremadura musulmana, es decir, la Reconquista de Extremadura. La encargada de cont\u00e1rnoslo es Marta Bazaga de 2\u00ba &hellip; <a href=\"http:\/\/radioluna.iesalbarregas.com\/?p=1004\">Sigue leyendo <span class=\"meta-nav\">&rarr;<\/span><\/a><\/p>\n","protected":false},"author":2,"featured_media":0,"comment_status":"closed","ping_status":"closed","sticky":false,"template":"","format":"standard","meta":[],"categories":[9,60],"tags":[68],"_links":{"self":[{"href":"http:\/\/radioluna.iesalbarregas.com\/index.php?rest_route=\/wp\/v2\/posts\/1004"}],"collection":[{"href":"http:\/\/radioluna.iesalbarregas.com\/index.php?rest_route=\/wp\/v2\/posts"}],"about":[{"href":"http:\/\/radioluna.iesalbarregas.com\/index.php?rest_route=\/wp\/v2\/types\/post"}],"author":[{"embeddable":true,"href":"http:\/\/radioluna.iesalbarregas.com\/index.php?rest_route=\/wp\/v2\/users\/2"}],"replies":[{"embeddable":true,"href":"http:\/\/radioluna.iesalbarregas.com\/index.php?rest_route=%2Fwp%2Fv2%2Fcomments&post=1004"}],"version-history":[{"count":3,"href":"http:\/\/radioluna.iesalbarregas.com\/index.php?rest_route=\/wp\/v2\/posts\/1004\/revisions"}],"predecessor-version":[{"id":1010,"href":"http:\/\/radioluna.iesalbarregas.com\/index.php?rest_route=\/wp\/v2\/posts\/1004\/revisions\/1010"}],"wp:attachment":[{"href":"http:\/\/radioluna.iesalbarregas.com\/index.php?rest_route=%2Fwp%2Fv2%2Fmedia&parent=1004"}],"wp:term":[{"taxonomy":"category","embeddable":true,"href":"http:\/\/radioluna.iesalbarregas.com\/index.php?rest_route=%2Fwp%2Fv2%2Fcategories&post=1004"},{"taxonomy":"post_tag","embeddable":true,"href":"http:\/\/radioluna.iesalbarregas.com\/index.php?rest_route=%2Fwp%2Fv2%2Ftags&post=1004"}],"curies":[{"name":"wp","href":"https:\/\/api.w.org\/{rel}","templated":true}]}}